{"id":133931,"date":"2019-02-14T13:24:11","date_gmt":"2019-02-14T15:24:11","guid":{"rendered":"https:\/\/diarioregionaldigital.com.br\/?p=133931"},"modified":"2019-02-14T18:59:09","modified_gmt":"2019-02-14T20:59:09","slug":"medico-juiz-forano-e-nomeado-secretario-de-estado-da-saude","status":"publish","type":"post","link":"https:\/\/diarioregionaldigital.com.br\/?p=133931","title":{"rendered":"M\u00e9dico juiz-forano \u00e9 nomeado Secret\u00e1rio de Estado da Sa\u00fade"},"content":{"rendered":"<p>O m\u00e9dico Carlos Eduardo Amaral Pereira da Silva passa a chefiar Secretaria de Estado de Sa\u00fade do Estado de Minas Gerais (SES-MG). O an\u00fancio foi feito na manh\u00e3 desta quinta-feira, 14, pelo Governador de Minas, Romeu Zema (Novo).<\/p>\n<p>O novo secret\u00e1rio de Estado da Sa\u00fade, que assume a chefia a partir da data em quest\u00e3o, \u00e9 servidor p\u00fablico da\u00a0Funda\u00e7\u00e3o Hospitalar do Estado de Minas Gerais (Fhemig)\u00a0desde 1994. Carlos Eduardo tem experi\u00eancia como gerente assistencial do Hospital Regional Dr. Jo\u00e3o Penido, em Juiz de Fora. \u201cEle tamb\u00e9m passou por um processo seletivo. \u00c9 um profissional com experi\u00eancia tanto com medicina quanto com gest\u00e3o\u201d, afirmou o governador Romeu Zema. Al\u00e9m disso, segundo o governador, o secret\u00e1rio possui MBA em Gest\u00e3o de Neg\u00f3cios e MBA em Gest\u00e3o Hospitalar e Seguran\u00e7a do Paciente com experi\u00eancia em gest\u00e3o de qualidade.<\/p>\n<p>Ele tem experi\u00eancia como neurocirurgi\u00e3o, neurorradiologista intervencionista e, tamb\u00e9m, \u00e9 professor da Universidade Federal de Juiz de Fora (UFJF). Ele vai substituir o m\u00e9dico Wagner Eduardo Ferreira, que pediu licen\u00e7a do cargo para tratar de assuntos particulares.<\/p>\n<p>O m\u00e9dico Carlos Eduardo Amaral Pereira da Silva \u00e9 filiado ao partido Novo e foi candidato a Deputado Federal nas \u00faltimas elei\u00e7\u00f5es, mas n\u00e3o foi eleito.<\/p>\n","protected":false},"excerpt":{"rendered":"<p>O m\u00e9dico Carlos Eduardo Amaral Pereira da Silva passa a chefiar Secretaria de Estado de Sa\u00fade do Estado de Minas Gerais (SES-MG). O an\u00fancio foi feito na manh\u00e3 desta quinta-feira, 14, pelo Governador de Minas, Romeu Zema (Novo). O novo secret\u00e1rio de Estado da Sa\u00fade, que assume a chefia a partir da data em quest\u00e3o, [&hellip;]<\/p>\n","protected":false},"author":96,"featured_media":133932,"comment_status":"closed","ping_status":"closed","sticky":false,"template":"","format":"standard","meta":{"footnotes":""},"categories":[253,436,440,439],"tags":[],"class_list":["post-133931","post","type-post","status-publish","format-standard","has-post-thumbnail","hentry","category-cidade","category-destaque-da-semana","category-destaques-do-dia","category-ultima-hora"],"_links":{"self":[{"href":"https:\/\/diarioregionaldigital.com.br\/index.php?rest_route=\/wp\/v2\/posts\/133931","targetHints":{"allow":["GET"]}}],"collection":[{"href":"https:\/\/diarioregionaldigital.com.br\/index.php?rest_route=\/wp\/v2\/posts"}],"about":[{"href":"https:\/\/diarioregionaldigital.com.br\/index.php?rest_route=\/wp\/v2\/types\/post"}],"author":[{"embeddable":true,"href":"https:\/\/diarioregionaldigital.com.br\/index.php?rest_route=\/wp\/v2\/users\/96"}],"replies":[{"embeddable":true,"href":"https:\/\/diarioregionaldigital.com.br\/index.php?rest_route=%2Fwp%2Fv2%2Fcomments&post=133931"}],"version-history":[{"count":0,"href":"https:\/\/diarioregionaldigital.com.br\/index.php?rest_route=\/wp\/v2\/posts\/133931\/revisions"}],"wp:featuredmedia":[{"embeddable":true,"href":"https:\/\/diarioregionaldigital.com.br\/index.php?rest_route=\/wp\/v2\/media\/133932"}],"wp:attachment":[{"href":"https:\/\/diarioregionaldigital.com.br\/index.php?rest_route=%2Fwp%2Fv2%2Fmedia&parent=133931"}],"wp:term":[{"taxonomy":"category","embeddable":true,"href":"https:\/\/diarioregionaldigital.com.br\/index.php?rest_route=%2Fwp%2Fv2%2Fcategories&post=133931"},{"taxonomy":"post_tag","embeddable":true,"href":"https:\/\/diarioregionaldigital.com.br\/index.php?rest_route=%2Fwp%2Fv2%2Ftags&post=133931"}],"curies":[{"name":"wp","href":"https:\/\/api.w.org\/{rel}","templated":true}]}}