{"id":133899,"date":"2019-02-14T15:08:27","date_gmt":"2019-02-14T17:08:27","guid":{"rendered":"https:\/\/diarioregionaldigital.com.br\/?p=133899"},"modified":"2019-02-14T18:57:18","modified_gmt":"2019-02-14T20:57:18","slug":"mae-com-bebe-e-atingida-por-trem-no-poco-rico","status":"publish","type":"post","link":"https:\/\/diarioregionaldigital.com.br\/?p=133899","title":{"rendered":"M\u00e3e com beb\u00ea \u00e9 atingida por trem no Po\u00e7o Rico"},"content":{"rendered":"<p>Uma jovem de 19 anos foi atingida por um trem na manh\u00e3 desta quinta-feira, 14, no bairro Po\u00e7o Rico, zona Sudeste de Juiz de Fora.<\/p>\n<p>No momento do acidente, que aconteceu por volta de 10h da manh\u00e3, a jovem, que \u00e9 m\u00e3e, estava com o beb\u00ea no colo quando atingida. O local que ela utilizava para atravessar n\u00e3o era permitido tr\u00e2nsito de pedestres. Momento depois do acidente, a crian\u00e7a foi socorrida por populares. A m\u00e3e foi socorrida pelo Samu. As duas v\u00edtimas deram entrada no HPS.<\/p>\n<p>Segundo informa\u00e7\u00f5es da Secretaria de Sa\u00fade (SS) da Prefeitura de Juiz de Fora (PJF), a m\u00e3e est\u00e1 na Sala de Urg\u00eancia, em estado grave, sedada e entubada.\u00a0O beb\u00ea que estava com ela est\u00e1 bem, foi avaliado e liberado, saindo do hospital com uma das av\u00f3s.<\/p>\n<p>Em nota, a MRS, empresa respons\u00e1vel por administrar a ferrovia, lamentou o ocorrido. \u201cEmbora ainda n\u00e3o tenhamos informa\u00e7\u00f5es oficiais e precisas sobre o que pode ter causado o acidente, o que podemos informar \u00e9 que ele aconteceu em trecho corrido, local onde n\u00e3o \u00e9 permitido o tr\u00e2nsito de pedestres. Al\u00e9m disso, as\u00a0condi\u00e7\u00f5es operacionais\u00a0estavam perfeitas e os procedimentos adotados para evitar o acidente foram os corretos (acionamento de buzina e aplica\u00e7\u00e3o dos freios de emerg\u00eancia)\u201d, informou.<\/p>\n<p>A empresa ainda refor\u00e7ou a import\u00e2ncia dos pedestres em utilizarem apenas passagens oficiais. \u201cEsperamos que os danos tenham sido m\u00ednimos e refor\u00e7amos que \u00e9 importante que as pessoas utilizem somente as passagens oficiais para a travessia da ferrovia\u201d, finaliza.<\/p>\n","protected":false},"excerpt":{"rendered":"<p>Uma jovem de 19 anos foi atingida por um trem na manh\u00e3 desta quinta-feira, 14, no bairro Po\u00e7o Rico, zona Sudeste de Juiz de Fora. No momento do acidente, que aconteceu por volta de 10h da manh\u00e3, a jovem, que \u00e9 m\u00e3e, estava com o beb\u00ea no colo quando atingida. O local que ela utilizava [&hellip;]<\/p>\n","protected":false},"author":96,"featured_media":133940,"comment_status":"closed","ping_status":"closed","sticky":false,"template":"","format":"standard","meta":{"footnotes":""},"categories":[253,436,440,439],"tags":[],"class_list":["post-133899","post","type-post","status-publish","format-standard","has-post-thumbnail","hentry","category-cidade","category-destaque-da-semana","category-destaques-do-dia","category-ultima-hora"],"_links":{"self":[{"href":"https:\/\/diarioregionaldigital.com.br\/index.php?rest_route=\/wp\/v2\/posts\/133899","targetHints":{"allow":["GET"]}}],"collection":[{"href":"https:\/\/diarioregionaldigital.com.br\/index.php?rest_route=\/wp\/v2\/posts"}],"about":[{"href":"https:\/\/diarioregionaldigital.com.br\/index.php?rest_route=\/wp\/v2\/types\/post"}],"author":[{"embeddable":true,"href":"https:\/\/diarioregionaldigital.com.br\/index.php?rest_route=\/wp\/v2\/users\/96"}],"replies":[{"embeddable":true,"href":"https:\/\/diarioregionaldigital.com.br\/index.php?rest_route=%2Fwp%2Fv2%2Fcomments&post=133899"}],"version-history":[{"count":0,"href":"https:\/\/diarioregionaldigital.com.br\/index.php?rest_route=\/wp\/v2\/posts\/133899\/revisions"}],"wp:featuredmedia":[{"embeddable":true,"href":"https:\/\/diarioregionaldigital.com.br\/index.php?rest_route=\/wp\/v2\/media\/133940"}],"wp:attachment":[{"href":"https:\/\/diarioregionaldigital.com.br\/index.php?rest_route=%2Fwp%2Fv2%2Fmedia&parent=133899"}],"wp:term":[{"taxonomy":"category","embeddable":true,"href":"https:\/\/diarioregionaldigital.com.br\/index.php?rest_route=%2Fwp%2Fv2%2Fcategories&post=133899"},{"taxonomy":"post_tag","embeddable":true,"href":"https:\/\/diarioregionaldigital.com.br\/index.php?rest_route=%2Fwp%2Fv2%2Ftags&post=133899"}],"curies":[{"name":"wp","href":"https:\/\/api.w.org\/{rel}","templated":true}]}}