{"id":133868,"date":"2019-02-14T14:28:57","date_gmt":"2019-02-14T16:28:57","guid":{"rendered":"https:\/\/diarioregionaldigital.com.br\/?p=133868"},"modified":"2019-02-14T14:28:57","modified_gmt":"2019-02-14T16:28:57","slug":"mercado-financeiro-reduz-projecao-de-deficit-nas-contas-publicas","status":"publish","type":"post","link":"https:\/\/diarioregionaldigital.com.br\/?p=133868","title":{"rendered":"Mercado financeiro reduz proje\u00e7\u00e3o de d\u00e9ficit nas contas p\u00fablicas"},"content":{"rendered":"<p>Institui\u00e7\u00f5es financeiras consultadas pelo Minist\u00e9rio da Economia reduziram a previs\u00e3o para o resultado negativo das contas p\u00fablicas, neste ano. A estimativa de\u00a0d\u00e9ficit prim\u00e1rio do Governo Central \u2013\u00a0formado por Tesouro Nacional, Previd\u00eancia Social e Banco Central \u2013\u00a0passou de R$ 102,385 bilh\u00f5es para R$ 99,560 bilh\u00f5es, em 2019.<\/p>\n<p>A estimativa segue abaixo da meta de d\u00e9ficit perseguida pelo governo de R$ 139 bilh\u00f5es. O resultado prim\u00e1rio \u00e9 formado por receitas menos despesas, sem considerar os gastos com juros.<\/p>\n<p>Os dados constam da pesquisa Prisma Fiscal, elaborada pela Secretaria de Pol\u00edtica Econ\u00f4mica do Minist\u00e9rio da Economia, todos os meses, com base em informa\u00e7\u00f5es do mercado financeiro.<\/p>\n<p>Para 2020, a estimativa das institui\u00e7\u00f5es financeiras \u00e9 d\u00e9ficit de R$ 65,462 bilh\u00f5es, contra R$ 68,778 bilh\u00f5es previstos em janeiro. A meta de d\u00e9ficit prim\u00e1rio para o pr\u00f3ximo ano \u00e9 R$ 110 bilh\u00f5es.<\/p>\n<p>A previs\u00e3o das institui\u00e7\u00f5es financeiras para as despesas passou de R$ 1,426 trilh\u00e3o para R$ 1,423 trilh\u00e3o, neste ano, e de R$ 1,483 trilh\u00e3o para R$ 1,482 trilh\u00e3o, em 2020. A estimativa de receita l\u00edquida do Governo Central foi alterada de R$ 1,324 trilh\u00e3o para R$ 1,322 trilh\u00e3o, em 2019, e de R$ 1,419 trilh\u00e3o para R$ 1,417 trilh\u00e3o, no pr\u00f3ximo ano.<\/p>\n<p>A pesquisa apresenta tamb\u00e9m a proje\u00e7\u00e3o para a d\u00edvida bruta do Governo Central, que, na avalia\u00e7\u00e3o das institui\u00e7\u00f5es financeiras, deve ficar em 78% do Produto Interno Bruto (PIB \u2013 a soma de todas as riquezas produzidas pelo pa\u00eds), neste ano. A previs\u00e3o anterior era 78,2% do PIB. Para 2020, a estimativa ficou em 79,3% do PIB, ante 79,8% previstos no m\u00eas passado.<\/p>\n<p>&nbsp;<\/p>\n<p>Fonte: Ag\u00eancia Brasil<\/p>\n","protected":false},"excerpt":{"rendered":"<p>Institui\u00e7\u00f5es financeiras consultadas pelo Minist\u00e9rio da Economia reduziram a previs\u00e3o para o resultado negativo das contas p\u00fablicas, neste ano. A estimativa de\u00a0d\u00e9ficit prim\u00e1rio do Governo Central \u2013\u00a0formado por Tesouro Nacional, Previd\u00eancia Social e Banco Central \u2013\u00a0passou de R$ 102,385 bilh\u00f5es para R$ 99,560 bilh\u00f5es, em 2019. A estimativa segue abaixo da meta de d\u00e9ficit perseguida [&hellip;]<\/p>\n","protected":false},"author":96,"featured_media":129697,"comment_status":"closed","ping_status":"closed","sticky":false,"template":"","format":"standard","meta":{"footnotes":""},"categories":[436,261,262,439],"tags":[],"class_list":["post-133868","post","type-post","status-publish","format-standard","has-post-thumbnail","hentry","category-destaque-da-semana","category-economia","category-noticias","category-ultima-hora"],"_links":{"self":[{"href":"https:\/\/diarioregionaldigital.com.br\/index.php?rest_route=\/wp\/v2\/posts\/133868","targetHints":{"allow":["GET"]}}],"collection":[{"href":"https:\/\/diarioregionaldigital.com.br\/index.php?rest_route=\/wp\/v2\/posts"}],"about":[{"href":"https:\/\/diarioregionaldigital.com.br\/index.php?rest_route=\/wp\/v2\/types\/post"}],"author":[{"embeddable":true,"href":"https:\/\/diarioregionaldigital.com.br\/index.php?rest_route=\/wp\/v2\/users\/96"}],"replies":[{"embeddable":true,"href":"https:\/\/diarioregionaldigital.com.br\/index.php?rest_route=%2Fwp%2Fv2%2Fcomments&post=133868"}],"version-history":[{"count":0,"href":"https:\/\/diarioregionaldigital.com.br\/index.php?rest_route=\/wp\/v2\/posts\/133868\/revisions"}],"wp:featuredmedia":[{"embeddable":true,"href":"https:\/\/diarioregionaldigital.com.br\/index.php?rest_route=\/wp\/v2\/media\/129697"}],"wp:attachment":[{"href":"https:\/\/diarioregionaldigital.com.br\/index.php?rest_route=%2Fwp%2Fv2%2Fmedia&parent=133868"}],"wp:term":[{"taxonomy":"category","embeddable":true,"href":"https:\/\/diarioregionaldigital.com.br\/index.php?rest_route=%2Fwp%2Fv2%2Fcategories&post=133868"},{"taxonomy":"post_tag","embeddable":true,"href":"https:\/\/diarioregionaldigital.com.br\/index.php?rest_route=%2Fwp%2Fv2%2Ftags&post=133868"}],"curies":[{"name":"wp","href":"https:\/\/api.w.org\/{rel}","templated":true}]}}