{"id":133865,"date":"2019-02-14T14:21:39","date_gmt":"2019-02-14T16:21:39","guid":{"rendered":"https:\/\/diarioregionaldigital.com.br\/?p=133865"},"modified":"2019-02-14T14:21:39","modified_gmt":"2019-02-14T16:21:39","slug":"anvisa-proibe-venda-de-lotes-de-frango-da-perdigao","status":"publish","type":"post","link":"https:\/\/diarioregionaldigital.com.br\/?p=133865","title":{"rendered":"Anvisa pro\u00edbe venda de lotes de frango da Perdig\u00e3o"},"content":{"rendered":"<p>A\u00a0Ag\u00eancia Nacional de Vigil\u00e2ncia Sanit\u00e1ria (Anvisa) proibiu\u00a0a\u00a0venda e a distribui\u00e7\u00e3o, em todo o pa\u00eds, de\u00a0alguns lotes de derivados de frango\u00a0<em>in natura<\/em>\u00a0da marca Perdig\u00e3o. O motivo \u00e9 a suspeita de contamina\u00e7\u00e3o dos produtos por\u00a0<em>Salmonella enteritidis<\/em>, bact\u00e9ria que pode provocar\u00a0infec\u00e7\u00e3o gastrointestinal, quadro que tem como principais sintomas dores abdominais, diarreia, febre e v\u00f4mito. A bact\u00e9ria \u00e9 encontrada no sistema digestivo de animais e em vegetais plantados em solos contaminados.<\/p>\n<p>Segundo o comunicado da BRF, conglomerado que det\u00eam mais de 30 marcas, incluindo a Perdig\u00e3o e a Sadia, o cont\u00e1gio pela bact\u00e9ria pode ocorrer quando os alimentos n\u00e3o s\u00e3o completamente fritos, cozidos, assados ou manuseados conforme descrito nas embalagens.<\/p>\n<p>A BRF anunciou o recolhimento\u00a0de 164 toneladas de cortes e mi\u00fados de frango in natura, como filezinho (Sassami), fil\u00e9 de peito e cora\u00e7\u00e3o, suspeitos de contamina\u00e7\u00e3o. O volume representa 0,1% da produ\u00e7\u00e3o mensal de frango da empresa no pa\u00eds.<\/p>\n<p>Os itens recolhidos foram fabricados na unidade de Dourados (MS) e cont\u00eam o selo de Servi\u00e7o de Inspe\u00e7\u00e3o Federal (SIF) 18 e datas espec\u00edficas de validade. Eles foram comercializados nos estados do Amap\u00e1, Bahia, Cear\u00e1, Esp\u00edrito Santo, Maranh\u00e3o, Minas Gerais, Par\u00e1, Paran\u00e1, Pernambuco, Rio\u00a0de Janeiro, Rio Grande do Sul, Santa Catarina e S\u00e3o Paulo.<\/p>\n<p>A instru\u00e7\u00e3o da empresa, indicada em\u00a0site criado para noticiar o recall, \u00e9 de que os consumidores que tiverem adquirido os produtos dos lotes citados entrem em contato pelo telefone\u00a00800 031 1315\u00a0ou pelo e-mail\u00a0recolhimento.sac@brf-br.com, para esclarecer d\u00favidas ou para solicitar troca ou devolu\u00e7\u00e3o. Os lotes recolhidos ser\u00e3o avaliados pelas autoridades sanit\u00e1rias, que determinar\u00e3o o que ser\u00e1 feito deles.<\/p>\n<p>A\u00a0BRF informou ainda que todos os demais lotes de produtos da f\u00e1brica de Dourados est\u00e3o em conformidade com os padr\u00f5es de qualidade requeridos pela legisla\u00e7\u00e3o, n\u00e3o representando risco aos consumidores.<\/p>\n<p>&nbsp;<\/p>\n<p>Fonte: Ag\u00eancia Brasil<\/p>\n","protected":false},"excerpt":{"rendered":"<p>A\u00a0Ag\u00eancia Nacional de Vigil\u00e2ncia Sanit\u00e1ria (Anvisa) proibiu\u00a0a\u00a0venda e a distribui\u00e7\u00e3o, em todo o pa\u00eds, de\u00a0alguns lotes de derivados de frango\u00a0in natura\u00a0da marca Perdig\u00e3o. O motivo \u00e9 a suspeita de contamina\u00e7\u00e3o dos produtos por\u00a0Salmonella enteritidis, bact\u00e9ria que pode provocar\u00a0infec\u00e7\u00e3o gastrointestinal, quadro que tem como principais sintomas dores abdominais, diarreia, febre e v\u00f4mito. A bact\u00e9ria \u00e9 encontrada [&hellip;]<\/p>\n","protected":false},"author":96,"featured_media":133866,"comment_status":"closed","ping_status":"closed","sticky":false,"template":"","format":"standard","meta":{"footnotes":""},"categories":[302,436,262,439],"tags":[],"class_list":["post-133865","post","type-post","status-publish","format-standard","has-post-thumbnail","hentry","category-brasil-mundo","category-destaque-da-semana","category-noticias","category-ultima-hora"],"_links":{"self":[{"href":"https:\/\/diarioregionaldigital.com.br\/index.php?rest_route=\/wp\/v2\/posts\/133865","targetHints":{"allow":["GET"]}}],"collection":[{"href":"https:\/\/diarioregionaldigital.com.br\/index.php?rest_route=\/wp\/v2\/posts"}],"about":[{"href":"https:\/\/diarioregionaldigital.com.br\/index.php?rest_route=\/wp\/v2\/types\/post"}],"author":[{"embeddable":true,"href":"https:\/\/diarioregionaldigital.com.br\/index.php?rest_route=\/wp\/v2\/users\/96"}],"replies":[{"embeddable":true,"href":"https:\/\/diarioregionaldigital.com.br\/index.php?rest_route=%2Fwp%2Fv2%2Fcomments&post=133865"}],"version-history":[{"count":0,"href":"https:\/\/diarioregionaldigital.com.br\/index.php?rest_route=\/wp\/v2\/posts\/133865\/revisions"}],"wp:featuredmedia":[{"embeddable":true,"href":"https:\/\/diarioregionaldigital.com.br\/index.php?rest_route=\/wp\/v2\/media\/133866"}],"wp:attachment":[{"href":"https:\/\/diarioregionaldigital.com.br\/index.php?rest_route=%2Fwp%2Fv2%2Fmedia&parent=133865"}],"wp:term":[{"taxonomy":"category","embeddable":true,"href":"https:\/\/diarioregionaldigital.com.br\/index.php?rest_route=%2Fwp%2Fv2%2Fcategories&post=133865"},{"taxonomy":"post_tag","embeddable":true,"href":"https:\/\/diarioregionaldigital.com.br\/index.php?rest_route=%2Fwp%2Fv2%2Ftags&post=133865"}],"curies":[{"name":"wp","href":"https:\/\/api.w.org\/{rel}","templated":true}]}}