{"id":133862,"date":"2019-02-14T12:12:46","date_gmt":"2019-02-14T14:12:46","guid":{"rendered":"https:\/\/diarioregionaldigital.com.br\/?p=133862"},"modified":"2019-02-14T12:12:46","modified_gmt":"2019-02-14T14:12:46","slug":"vasco-bate-resende-no-maraca-e-esta-na-final-da-taca-guanabara","status":"publish","type":"post","link":"https:\/\/diarioregionaldigital.com.br\/?p=133862","title":{"rendered":"Vasco bate Resende no Maraca e est\u00e1 na final da Ta\u00e7a Guanabara"},"content":{"rendered":"<p>O\u00a0 Vasco \u00a0n\u00e3o quis saber da vantagem do empate e se garantiu na final da Ta\u00e7a Guanabara ao vencer por 3 a 0 o Resende, nesta quarta-feira, no Maracan\u00e3. Mesmo diante de um p\u00fablico pequeno, principalmente pelo temor de uma forte chuva que poderia cair no Rio de Janeiro, os cruzmaltinos agora esperam seu advers\u00e1rio na outra partida, entre Flamengo e Fluminense, que acontece nesta quinta-feira.<\/p>\n<p>O Vasco dominou os 90 minutos e abriu vantagem no placar ainda no primeiro tempo, ap\u00f3s gols de Lucas Mineiro e Yago Pikachu. Na etapa final, Marrony.<\/p>\n<p>FICHA T\u00c9CNICA<br \/>\nVASCO 3 X 0 RESENDE<\/p>\n<p>Local:\u00a0Maracan\u00e3, no Rio de Janeiro (RJ)<br \/>\nData:\u00a013 de fevereiro de 2019 (Quarta-feira)<br \/>\nHor\u00e1rio:\u00a021h30 (de Bras\u00edlia)<br \/>\n\u00c1rbitro:\u00a0Rodrigo Nunes de S\u00e1 (RJ)<br \/>\nAssistentes:\u00a0Thiago Neto Corr\u00eaia Farinha (RJ) e Daniel Alves Pereira (RJ)<br \/>\nRenda:\u00a0R$ 226.080,00<br \/>\nP\u00fablico:\u00a08.367 pagantes<\/p>\n<p>Cart\u00f5es amarelos:\u00a0Jeanderson e Vitinho (Resende):<br \/>\nGOLS<br \/>\nVASCO:\u00a0Lucas Mineiro, aos 15min do primeiro tempo; Yago Pikachu, aos 33min do primeiro tempo; Marrony, aos 17min do segundo tempo<\/p>\n<p>VASCO:\u00a0Fernando Miguel, Ra\u00fal C\u00e1ceres, Werley (Luiz Gustavo), Leandro Castan e Danilo Barcelos; Raul (Bruno C\u00e9sar), Lucas Mineiro, Yago Pikachu (Lucas Santos), Thiago Galhardo e Marrony; Maxi L\u00f3pez<br \/>\nT\u00e9cnico:\u00a0Alberto Valentim<\/p>\n<p>RESENDE:\u00a0Ranule, Filipi Souza, Rhayne, Lucas Maia e Jeanderson; Joseph (Zambi), L\u00e9o Silva, Vitinho (Jackson), Arthur Faria e Davi Cear\u00e1 (Valdeci); Maxwell<br \/>\nT\u00e9cnico:\u00a0Edson Souza<\/p>\n<p>Fonte: Gazeta Press<\/p>\n","protected":false},"excerpt":{"rendered":"<p>O\u00a0 Vasco \u00a0n\u00e3o quis saber da vantagem do empate e se garantiu na final da Ta\u00e7a Guanabara ao vencer por 3 a 0 o Resende, nesta quarta-feira, no Maracan\u00e3. Mesmo diante de um p\u00fablico pequeno, principalmente pelo temor de uma forte chuva que poderia cair no Rio de Janeiro, os cruzmaltinos agora esperam seu advers\u00e1rio [&hellip;]<\/p>\n","protected":false},"author":96,"featured_media":133863,"comment_status":"closed","ping_status":"closed","sticky":false,"template":"","format":"standard","meta":{"footnotes":""},"categories":[257,439],"tags":[],"class_list":["post-133862","post","type-post","status-publish","format-standard","has-post-thumbnail","hentry","category-esporte","category-ultima-hora"],"_links":{"self":[{"href":"https:\/\/diarioregionaldigital.com.br\/index.php?rest_route=\/wp\/v2\/posts\/133862","targetHints":{"allow":["GET"]}}],"collection":[{"href":"https:\/\/diarioregionaldigital.com.br\/index.php?rest_route=\/wp\/v2\/posts"}],"about":[{"href":"https:\/\/diarioregionaldigital.com.br\/index.php?rest_route=\/wp\/v2\/types\/post"}],"author":[{"embeddable":true,"href":"https:\/\/diarioregionaldigital.com.br\/index.php?rest_route=\/wp\/v2\/users\/96"}],"replies":[{"embeddable":true,"href":"https:\/\/diarioregionaldigital.com.br\/index.php?rest_route=%2Fwp%2Fv2%2Fcomments&post=133862"}],"version-history":[{"count":0,"href":"https:\/\/diarioregionaldigital.com.br\/index.php?rest_route=\/wp\/v2\/posts\/133862\/revisions"}],"wp:featuredmedia":[{"embeddable":true,"href":"https:\/\/diarioregionaldigital.com.br\/index.php?rest_route=\/wp\/v2\/media\/133863"}],"wp:attachment":[{"href":"https:\/\/diarioregionaldigital.com.br\/index.php?rest_route=%2Fwp%2Fv2%2Fmedia&parent=133862"}],"wp:term":[{"taxonomy":"category","embeddable":true,"href":"https:\/\/diarioregionaldigital.com.br\/index.php?rest_route=%2Fwp%2Fv2%2Fcategories&post=133862"},{"taxonomy":"post_tag","embeddable":true,"href":"https:\/\/diarioregionaldigital.com.br\/index.php?rest_route=%2Fwp%2Fv2%2Ftags&post=133862"}],"curies":[{"name":"wp","href":"https:\/\/api.w.org\/{rel}","templated":true}]}}