{"id":133859,"date":"2019-02-14T12:10:11","date_gmt":"2019-02-14T14:10:11","guid":{"rendered":"https:\/\/diarioregionaldigital.com.br\/?p=133859"},"modified":"2019-02-14T12:10:11","modified_gmt":"2019-02-14T14:10:11","slug":"danielly-vitoria-conquista-ouro-no-grand-slam-e-garante-vaga-na-selecao","status":"publish","type":"post","link":"https:\/\/diarioregionaldigital.com.br\/?p=133859","title":{"rendered":"Danielly Vit\u00f3ria conquista ouro no Grand Slam e garante vaga na sele\u00e7\u00e3o"},"content":{"rendered":"<p>A juiz-forana Danielly Vit\u00f3ria, de 15 anos, conquistou o t\u00edtulo do Grand Slam de Taekwondo e, consequentemente, vaga na sele\u00e7\u00e3o brasileira na categoria j\u00fanior de at\u00e9 44kg.<\/p>\n<p>Com a conquista, ela garantiu vaga no Pan-Americano da modalidade, em junho, nos Estados Unidos.<\/p>\n<p>A competi\u00e7\u00e3o foi realizada no \u00faltimo final de semana, no Rio de Janeiro, e contou com mais de 300 atletas do pa\u00eds. Danielly venceu duas lutas para chegar a medalha de ouro.<\/p>\n<p>Destaque para a final contra a paulista La\u00fana Ramos. Depois do empate em 7 a 7, a disputa foi para um round extra com golden point (ponto de ouro). A juiz-forana conseguiu fazer o primeiro ponto e levar o t\u00edtulo.<\/p>\n<p>\u201cMe mudei para Rio Claro, S\u00e3o Paulo, onde estou treinando. A prepara\u00e7\u00e3o foi muito intensa. Tive que me adaptar e treinei na parte da manh\u00e3 com os adultos e \u00e0 noite com a categoria j\u00fanior. Fiz duas lutas, a primeira contra Paran\u00e1 (31 a 3). A segunda foi mais apertada, terminamos 7 a 7 e fomos para o ponto de ouro. Gra\u00e7as a Deus acertei o chute e consegui a pontua\u00e7\u00e3o\u201d, contou\u00a0 Danielly, que tamb\u00e9m passou por per\u00edodos de treinos no interior paulista com atletas de outros estados e at\u00e9 da Guatemala.<\/p>\n<p>&nbsp;<\/p>\n<p>Em mar\u00e7o, a atleta far\u00e1 tem interc\u00e2mbio de treinos com sele\u00e7\u00e3o brasileira. A temporada 2019 tamb\u00e9m reserva disputas do Campeonato Brasileiro e da Copa do Brasil.<\/p>\n","protected":false},"excerpt":{"rendered":"<p>A juiz-forana Danielly Vit\u00f3ria, de 15 anos, conquistou o t\u00edtulo do Grand Slam de Taekwondo e, consequentemente, vaga na sele\u00e7\u00e3o brasileira na categoria j\u00fanior de at\u00e9 44kg. Com a conquista, ela garantiu vaga no Pan-Americano da modalidade, em junho, nos Estados Unidos. A competi\u00e7\u00e3o foi realizada no \u00faltimo final de semana, no Rio de Janeiro, [&hellip;]<\/p>\n","protected":false},"author":96,"featured_media":133860,"comment_status":"closed","ping_status":"closed","sticky":false,"template":"","format":"standard","meta":{"footnotes":""},"categories":[257,439],"tags":[],"class_list":["post-133859","post","type-post","status-publish","format-standard","has-post-thumbnail","hentry","category-esporte","category-ultima-hora"],"_links":{"self":[{"href":"https:\/\/diarioregionaldigital.com.br\/index.php?rest_route=\/wp\/v2\/posts\/133859","targetHints":{"allow":["GET"]}}],"collection":[{"href":"https:\/\/diarioregionaldigital.com.br\/index.php?rest_route=\/wp\/v2\/posts"}],"about":[{"href":"https:\/\/diarioregionaldigital.com.br\/index.php?rest_route=\/wp\/v2\/types\/post"}],"author":[{"embeddable":true,"href":"https:\/\/diarioregionaldigital.com.br\/index.php?rest_route=\/wp\/v2\/users\/96"}],"replies":[{"embeddable":true,"href":"https:\/\/diarioregionaldigital.com.br\/index.php?rest_route=%2Fwp%2Fv2%2Fcomments&post=133859"}],"version-history":[{"count":0,"href":"https:\/\/diarioregionaldigital.com.br\/index.php?rest_route=\/wp\/v2\/posts\/133859\/revisions"}],"wp:featuredmedia":[{"embeddable":true,"href":"https:\/\/diarioregionaldigital.com.br\/index.php?rest_route=\/wp\/v2\/media\/133860"}],"wp:attachment":[{"href":"https:\/\/diarioregionaldigital.com.br\/index.php?rest_route=%2Fwp%2Fv2%2Fmedia&parent=133859"}],"wp:term":[{"taxonomy":"category","embeddable":true,"href":"https:\/\/diarioregionaldigital.com.br\/index.php?rest_route=%2Fwp%2Fv2%2Fcategories&post=133859"},{"taxonomy":"post_tag","embeddable":true,"href":"https:\/\/diarioregionaldigital.com.br\/index.php?rest_route=%2Fwp%2Fv2%2Ftags&post=133859"}],"curies":[{"name":"wp","href":"https:\/\/api.w.org\/{rel}","templated":true}]}}