{"id":133856,"date":"2019-02-14T12:08:36","date_gmt":"2019-02-14T14:08:36","guid":{"rendered":"https:\/\/diarioregionaldigital.com.br\/?p=133856"},"modified":"2019-02-14T12:08:36","modified_gmt":"2019-02-14T14:08:36","slug":"tupynambas-lanca-parceria-com-a-ufjf-para-o-futebol-de-base","status":"publish","type":"post","link":"https:\/\/diarioregionaldigital.com.br\/?p=133856","title":{"rendered":"Tupynamb\u00e1s lan\u00e7a parceria com a UFJF para o futebol de base"},"content":{"rendered":"<p>O objetivo da parceria \u00e9 atender as medidas exigidas pela Federa\u00e7\u00e3o Mineira de Futebol (FMF), pois a partir de 2019, na segunda divis\u00e3o das categorias Sub-15 e Sub-17 do Campeonato Mineiro, ser\u00e3o permitidas as participa\u00e7\u00f5es apenas de equipes que possu\u00edrem filia\u00e7\u00e3o no profissional junto \u00e0 entidade ou que detenham o Certificado de Clube Formador v\u00e1lido, emitido pela Confedera\u00e7\u00e3o Brasileira de Futebol (CBF), onde o Tupynamb\u00e1s se enquadra.<\/p>\n<p>De acordo com Marcelo Matta, coordenador do projeto Futebol UFJF, a expectativa \u00e9 dar continuidade aos resultados positivos e consolidar ainda mais o futebol de base da UFJF. \u201c\u00c9 a primeira vez que teremos um clube profissional como parceiro do projeto. Al\u00e9m disso, o Tupynamb\u00e1s tem uma hist\u00f3ria e uma torcida muito respeitada na cidade. Por ser um clube que gera muita emo\u00e7\u00e3o para os torcedores, esperamos que seja uma experi\u00eancia diferente e enriquecedora\u201d, disse.<\/p>\n<p>Para o Vice-Presidente de Futebol do Baeta, Cl\u00e1udio Dias, a parceria vem em um grande momento. \u201cO Tupynamb\u00e1s, buscando se adequar a futura regra do Futebol Mineiro, ir\u00e1 firmar esta parceria com a UFJF, que \u00e9 uma institui\u00e7\u00e3o reconhecida, com profissionais altamente qualificados, que, com toda certeza, ir\u00e3o contribuir para o desenvolvimento do nosso futebol\u201d.<\/p>\n<p><strong>Fonte: Tupynamb\u00e1s FC <\/strong><\/p>\n","protected":false},"excerpt":{"rendered":"<p>O objetivo da parceria \u00e9 atender as medidas exigidas pela Federa\u00e7\u00e3o Mineira de Futebol (FMF), pois a partir de 2019, na segunda divis\u00e3o das categorias Sub-15 e Sub-17 do Campeonato Mineiro, ser\u00e3o permitidas as participa\u00e7\u00f5es apenas de equipes que possu\u00edrem filia\u00e7\u00e3o no profissional junto \u00e0 entidade ou que detenham o Certificado de Clube Formador v\u00e1lido, [&hellip;]<\/p>\n","protected":false},"author":96,"featured_media":133857,"comment_status":"closed","ping_status":"closed","sticky":false,"template":"","format":"standard","meta":{"footnotes":""},"categories":[257,439],"tags":[],"class_list":["post-133856","post","type-post","status-publish","format-standard","has-post-thumbnail","hentry","category-esporte","category-ultima-hora"],"_links":{"self":[{"href":"https:\/\/diarioregionaldigital.com.br\/index.php?rest_route=\/wp\/v2\/posts\/133856","targetHints":{"allow":["GET"]}}],"collection":[{"href":"https:\/\/diarioregionaldigital.com.br\/index.php?rest_route=\/wp\/v2\/posts"}],"about":[{"href":"https:\/\/diarioregionaldigital.com.br\/index.php?rest_route=\/wp\/v2\/types\/post"}],"author":[{"embeddable":true,"href":"https:\/\/diarioregionaldigital.com.br\/index.php?rest_route=\/wp\/v2\/users\/96"}],"replies":[{"embeddable":true,"href":"https:\/\/diarioregionaldigital.com.br\/index.php?rest_route=%2Fwp%2Fv2%2Fcomments&post=133856"}],"version-history":[{"count":0,"href":"https:\/\/diarioregionaldigital.com.br\/index.php?rest_route=\/wp\/v2\/posts\/133856\/revisions"}],"wp:featuredmedia":[{"embeddable":true,"href":"https:\/\/diarioregionaldigital.com.br\/index.php?rest_route=\/wp\/v2\/media\/133857"}],"wp:attachment":[{"href":"https:\/\/diarioregionaldigital.com.br\/index.php?rest_route=%2Fwp%2Fv2%2Fmedia&parent=133856"}],"wp:term":[{"taxonomy":"category","embeddable":true,"href":"https:\/\/diarioregionaldigital.com.br\/index.php?rest_route=%2Fwp%2Fv2%2Fcategories&post=133856"},{"taxonomy":"post_tag","embeddable":true,"href":"https:\/\/diarioregionaldigital.com.br\/index.php?rest_route=%2Fwp%2Fv2%2Ftags&post=133856"}],"curies":[{"name":"wp","href":"https:\/\/api.w.org\/{rel}","templated":true}]}}