{"id":133841,"date":"2019-02-13T20:03:09","date_gmt":"2019-02-13T22:03:09","guid":{"rendered":"https:\/\/diarioregionaldigital.com.br\/?p=133841"},"modified":"2019-02-13T20:03:09","modified_gmt":"2019-02-13T22:03:09","slug":"prefeitura-municipal-de-descoberto-cont-012-14-02-19","status":"publish","type":"post","link":"https:\/\/diarioregionaldigital.com.br\/?p=133841","title":{"rendered":"Prefeitura Municipal de Descoberto &#8211; Cont 012 &#8211; 14\/02\/19"},"content":{"rendered":"<p style=\"text-align: center;\"><strong>EXTRATO DE CONTRATO<\/strong><\/p>\n<p style=\"text-align: center;\">Pref. Municipal de Descoberto x Milton Salgado Filho &#8211; Objeto: Assessoria na elabora\u00e7\u00e3o de documenta\u00e7\u00f5es t\u00e9cnicas da \u00e1rea de engenharia &#8211; Fundamento: Carta Convite n\u00ba \u00a0001\/2019 \u2013 Valor Global: 31.200,00 \u00a0\u2013 Vig\u00eancia:\u00a0 12 meses \u2013 Dot or\u00e7: 02.06000.15.122.0002.202-339036\/100 \u00a0&#8211; Ass: 13\/02\/2019- Foro: S\u00e3o Jo\u00e3o Nepomuceno\/MG.<\/p>\n<p style=\"text-align: center;\"><strong>Marcos de Ara\u00fajo Lima<\/strong><\/p>\n<p style=\"text-align: center;\"><strong>Prefeito Municipal<\/strong><\/p>\n","protected":false},"excerpt":{"rendered":"<p>EXTRATO DE CONTRATO Pref. Municipal de Descoberto x Milton Salgado Filho &#8211; Objeto: Assessoria na elabora\u00e7\u00e3o de documenta\u00e7\u00f5es t\u00e9cnicas da \u00e1rea de engenharia &#8211; Fundamento: Carta Convite n\u00ba \u00a0001\/2019 \u2013 Valor Global: 31.200,00 \u00a0\u2013 Vig\u00eancia:\u00a0 12 meses \u2013 Dot or\u00e7: 02.06000.15.122.0002.202-339036\/100 \u00a0&#8211; Ass: 13\/02\/2019- Foro: S\u00e3o Jo\u00e3o Nepomuceno\/MG. Marcos de Ara\u00fajo Lima Prefeito Municipal<\/p>\n","protected":false},"author":96,"featured_media":0,"comment_status":"closed","ping_status":"closed","sticky":false,"template":"","format":"standard","meta":{"footnotes":""},"categories":[307],"tags":[],"class_list":["post-133841","post","type-post","status-publish","format-standard","hentry","category-editais"],"_links":{"self":[{"href":"https:\/\/diarioregionaldigital.com.br\/index.php?rest_route=\/wp\/v2\/posts\/133841","targetHints":{"allow":["GET"]}}],"collection":[{"href":"https:\/\/diarioregionaldigital.com.br\/index.php?rest_route=\/wp\/v2\/posts"}],"about":[{"href":"https:\/\/diarioregionaldigital.com.br\/index.php?rest_route=\/wp\/v2\/types\/post"}],"author":[{"embeddable":true,"href":"https:\/\/diarioregionaldigital.com.br\/index.php?rest_route=\/wp\/v2\/users\/96"}],"replies":[{"embeddable":true,"href":"https:\/\/diarioregionaldigital.com.br\/index.php?rest_route=%2Fwp%2Fv2%2Fcomments&post=133841"}],"version-history":[{"count":0,"href":"https:\/\/diarioregionaldigital.com.br\/index.php?rest_route=\/wp\/v2\/posts\/133841\/revisions"}],"wp:attachment":[{"href":"https:\/\/diarioregionaldigital.com.br\/index.php?rest_route=%2Fwp%2Fv2%2Fmedia&parent=133841"}],"wp:term":[{"taxonomy":"category","embeddable":true,"href":"https:\/\/diarioregionaldigital.com.br\/index.php?rest_route=%2Fwp%2Fv2%2Fcategories&post=133841"},{"taxonomy":"post_tag","embeddable":true,"href":"https:\/\/diarioregionaldigital.com.br\/index.php?rest_route=%2Fwp%2Fv2%2Ftags&post=133841"}],"curies":[{"name":"wp","href":"https:\/\/api.w.org\/{rel}","templated":true}]}}