{"id":133824,"date":"2019-02-13T18:15:23","date_gmt":"2019-02-13T20:15:23","guid":{"rendered":"https:\/\/diarioregionaldigital.com.br\/?p=133824"},"modified":"2019-02-14T20:53:01","modified_gmt":"2019-02-14T22:53:01","slug":"fevereiro-laranja-campanha-de-conscientizacao-sobre-a-leucemia","status":"publish","type":"post","link":"https:\/\/diarioregionaldigital.com.br\/?p=133824","title":{"rendered":"\u201cFevereiro Laranja\u201d: campanha de conscientiza\u00e7\u00e3o sobre a Leucemia"},"content":{"rendered":"<p>A campanha \u201cFevereiro Laranja\u201d tem como objetivo conscientizar e ressaltar a import\u00e2ncia do combate \u00e0 leucemia, al\u00e9m de destacar a import\u00e2ncia do diagn\u00f3stico precoce e conhecimento dos sintomas e tratamentos.<\/p>\n<p>A leucemia \u00e9 uma doen\u00e7a que se caracteriza pelo ac\u00famulo de c\u00e9lulas doentes na corrente sangu\u00ednea. \u201cS\u00e3o c\u00e9lulas produzidas de forma anormal pela medula \u00f3ssea, que s\u00e3o chamadas de \u2018leuc\u00f3citos\u2019. S\u00e3o as c\u00e9lulas que est\u00e3o envolvidas com a nossa imunidade, a nossa defesa em rela\u00e7\u00e3o \u00e0s infec\u00e7\u00f5es\u201d, explica a m\u00e9dica oncologista Tatyene Nehrer de Oliveira. As c\u00e9lulas come\u00e7am se acumular de uma forma doente, para mais ou para menos, na medula \u00f3ssea, no sangue, caracterizando a doen\u00e7a.<\/p>\n<p>Segundo o Instituto Nacional do C\u00e2ncer (INCA), em 2018, no Brasil, foram registrados 10.800 casos, sendo 5.940 homens e 4.860 mulheres. Segundo Atlas de Mortalidade por C\u00e2ncer de 2015, o n\u00famero de mortes pela doen\u00e7a foi de 6.837, sendo 3.692 homens e 3.145 mulheres. Segundo a oncologista, a doen\u00e7a tamb\u00e9m acomete a popula\u00e7\u00e3o infantil.<\/p>\n<p>Existem mais de 12 tipos de leucemia e a doen\u00e7a pode comprometer a vida e a qualidade de vida. A leucemia \u00e9 classificada em tipos, sendo \u2018cr\u00f4nica\u2019 ou \u2018aguda\u2019. \u201cAs leucemias agudas podem levar o paciente a \u00f3bito em poucos dias e as leucemias cr\u00f4nicas \u00e9 uma patologia de desenvolvimento lento. Ent\u00e3o, o paciente pode ter sintomas por um per\u00edodo de tempo mais longo\u201d, explica a oncologista.<\/p>\n<p>Tatyene explica que os sintomas da leucemia podem ser confundidos com o de outras doen\u00e7as. Os sinais s\u00e3o febre, palidez, cansa\u00e7o, hematomas pelo corpo, emagrecimento, artralgia e\/ou dor muscular que permanece por um longo tempo, hemorragia de forma geral ou sangramentos, nasal, urin\u00e1rio ou nas fezes. Al\u00e9m disso, aumento de volume abdominal como consequ\u00eancia do aumento do ba\u00e7o. As causas da doen\u00e7a ainda n\u00e3o s\u00e3o definidas, mas alguns fatores est\u00e3o associados ao risco de desenvolvimento de algum dos tipos da doen\u00e7a, como tabagismo ou quimioterapias anteriores, por exemplo.<\/p>\n<div id=\"attachment_133831\" style=\"width: 481px\" class=\"wp-caption aligncenter\"><img loading=\"lazy\" decoding=\"async\" aria-describedby=\"caption-attachment-133831\" class=\" wp-image-133831\" src=\"https:\/\/diarioregionaldigital.com.br\/wp-content\/uploads\/2019\/02\/RAFAELA-FRUTUOSO-usar-essa-2-2-300x200.jpg\" alt=\"\" width=\"471\" height=\"314\" srcset=\"https:\/\/diarioregionaldigital.com.br\/wp-content\/uploads\/2019\/02\/RAFAELA-FRUTUOSO-usar-essa-2-2-300x200.jpg 300w, https:\/\/diarioregionaldigital.com.br\/wp-content\/uploads\/2019\/02\/RAFAELA-FRUTUOSO-usar-essa-2-2-768x512.jpg 768w, https:\/\/diarioregionaldigital.com.br\/wp-content\/uploads\/2019\/02\/RAFAELA-FRUTUOSO-usar-essa-2-2-1024x683.jpg 1024w, https:\/\/diarioregionaldigital.com.br\/wp-content\/uploads\/2019\/02\/RAFAELA-FRUTUOSO-usar-essa-2-2-360x240.jpg 360w\" sizes=\"auto, (max-width: 471px) 100vw, 471px\" \/><p id=\"caption-attachment-133831\" class=\"wp-caption-text\">A doen\u00e7a tamb\u00e9m acomete a popula\u00e7\u00e3o infantil. Foto: Rafaela Frutuoso<\/p><\/div>\n<p>Especialistas ressaltam a import\u00e2ncia do diagn\u00f3stico precoce da doen\u00e7a. Para isso, orienta Tatyene, \u00e9 preciso ficar atento aos sinais e sintomas e procurar assist\u00eancia m\u00e9dica mais pr\u00f3xima \u201cpara confirmar ou afastar a possibilidade dessa doen\u00e7a\u201d. O diagn\u00f3stico definitivo da doen\u00e7a \u00e9 feito atrav\u00e9s da bi\u00f3psia de medula \u00f3ssea. Os outros exames, como o exame f\u00edsico ou de sangue, podem trazer uma suspeita da doen\u00e7a, como explica a oncologista. \u201c\u00c9 importante o diagn\u00f3stico precoce para que o tratamento seja institu\u00eddo o mais r\u00e1pido poss\u00edvel porque em casos de leucemias agudas, se n\u00e3o diagnosticadas de forma r\u00e1pida, elas matam\u201d, disse.<\/p>\n<p>O tratamento vai depender do tipo de leucemia que o paciente for diagnosticado. \u201cAs leucemias agudas s\u00e3o as consideradas potencialmente cur\u00e1veis, j\u00e1 as leucemias cr\u00f4nicas s\u00e3o patologias control\u00e1veis, mas n\u00e3o cur\u00e1veis\u201d, explica Tatyene. Em alguns casos, dependendo do diagn\u00f3stico, o paciente precisa de transplante de medula \u00f3ssea.<\/p>\n<p>Alguns mitos cercam a leucemia e um deles \u00e9 sobre ser uma doen\u00e7a transmiss\u00edvel. \u201cTem gente que ainda pensa que \u00e9 uma doen\u00e7a transmiss\u00edvel, mas n\u00e3o \u00e9. S\u00e3o pacientes que precisam de acolhimento. Temos que colocar por terra alguns mitos e preconceitos sobre o c\u00e2ncer de uma maneira geral e em rela\u00e7\u00e3o \u00e0s leucemias tamb\u00e9m\u201d, disse Tatyene.<\/p>\n","protected":false},"excerpt":{"rendered":"<p>A campanha \u201cFevereiro Laranja\u201d tem como objetivo conscientizar e ressaltar a import\u00e2ncia do combate \u00e0 leucemia, al\u00e9m de destacar a import\u00e2ncia do diagn\u00f3stico precoce e conhecimento dos sintomas e tratamentos. A leucemia \u00e9 uma doen\u00e7a que se caracteriza pelo ac\u00famulo de c\u00e9lulas doentes na corrente sangu\u00ednea. \u201cS\u00e3o c\u00e9lulas produzidas de forma anormal pela medula \u00f3ssea, [&hellip;]<\/p>\n","protected":false},"author":96,"featured_media":133830,"comment_status":"closed","ping_status":"closed","sticky":false,"template":"","format":"standard","meta":{"footnotes":""},"categories":[253,436,440,439],"tags":[],"class_list":["post-133824","post","type-post","status-publish","format-standard","has-post-thumbnail","hentry","category-cidade","category-destaque-da-semana","category-destaques-do-dia","category-ultima-hora"],"_links":{"self":[{"href":"https:\/\/diarioregionaldigital.com.br\/index.php?rest_route=\/wp\/v2\/posts\/133824","targetHints":{"allow":["GET"]}}],"collection":[{"href":"https:\/\/diarioregionaldigital.com.br\/index.php?rest_route=\/wp\/v2\/posts"}],"about":[{"href":"https:\/\/diarioregionaldigital.com.br\/index.php?rest_route=\/wp\/v2\/types\/post"}],"author":[{"embeddable":true,"href":"https:\/\/diarioregionaldigital.com.br\/index.php?rest_route=\/wp\/v2\/users\/96"}],"replies":[{"embeddable":true,"href":"https:\/\/diarioregionaldigital.com.br\/index.php?rest_route=%2Fwp%2Fv2%2Fcomments&post=133824"}],"version-history":[{"count":0,"href":"https:\/\/diarioregionaldigital.com.br\/index.php?rest_route=\/wp\/v2\/posts\/133824\/revisions"}],"wp:featuredmedia":[{"embeddable":true,"href":"https:\/\/diarioregionaldigital.com.br\/index.php?rest_route=\/wp\/v2\/media\/133830"}],"wp:attachment":[{"href":"https:\/\/diarioregionaldigital.com.br\/index.php?rest_route=%2Fwp%2Fv2%2Fmedia&parent=133824"}],"wp:term":[{"taxonomy":"category","embeddable":true,"href":"https:\/\/diarioregionaldigital.com.br\/index.php?rest_route=%2Fwp%2Fv2%2Fcategories&post=133824"},{"taxonomy":"post_tag","embeddable":true,"href":"https:\/\/diarioregionaldigital.com.br\/index.php?rest_route=%2Fwp%2Fv2%2Ftags&post=133824"}],"curies":[{"name":"wp","href":"https:\/\/api.w.org\/{rel}","templated":true}]}}