{"id":133806,"date":"2019-02-13T18:34:27","date_gmt":"2019-02-13T20:34:27","guid":{"rendered":"https:\/\/diarioregionaldigital.com.br\/?p=133806"},"modified":"2019-02-13T19:22:45","modified_gmt":"2019-02-13T21:22:45","slug":"preco-medio-do-leite-tipo-c-tem-queda-de-053","status":"publish","type":"post","link":"https:\/\/diarioregionaldigital.com.br\/?p=133806","title":{"rendered":"Pre\u00e7o m\u00e9dio do leite tipo C tem queda de 0,53%"},"content":{"rendered":"<p>O pre\u00e7o m\u00e9dio do leite tipo C apresentou queda de 0,53%, como mostra a pesquisa semanada realizada pela Secretaria de Agropecu\u00e1ria e Abastecimento (SAA) da Prefeitura de Juiz de Fora (PJF).<\/p>\n<p>O levantamento foi divulgado nesta quarta-feira, 13. Com isso, o litro do produto passou a custar R$ 3,338. Os valores m\u00e1ximo e m\u00ednimo permaneceram inalterados, R$ 4,25 e R$ 2,80, respectivamente.<\/p>\n<p>A pesquisa foi realizada pelo Departamento de Fomento Agropecu\u00e1rio, Promo\u00e7\u00e3o Rural e Informa\u00e7\u00e3o (Dfapri) da SAA, nas oito regi\u00f5es do munic\u00edpio, em 53 estabelecimentos. O objetivo \u00e9 informar a popula\u00e7\u00e3o sobre varia\u00e7\u00f5es de pre\u00e7o do produto.<\/p>\n","protected":false},"excerpt":{"rendered":"<p>O pre\u00e7o m\u00e9dio do leite tipo C apresentou queda de 0,53%, como mostra a pesquisa semanada realizada pela Secretaria de Agropecu\u00e1ria e Abastecimento (SAA) da Prefeitura de Juiz de Fora (PJF). O levantamento foi divulgado nesta quarta-feira, 13. Com isso, o litro do produto passou a custar R$ 3,338. Os valores m\u00e1ximo e m\u00ednimo permaneceram [&hellip;]<\/p>\n","protected":false},"author":96,"featured_media":133807,"comment_status":"closed","ping_status":"closed","sticky":false,"template":"","format":"standard","meta":{"footnotes":""},"categories":[253,436,439],"tags":[],"class_list":["post-133806","post","type-post","status-publish","format-standard","has-post-thumbnail","hentry","category-cidade","category-destaque-da-semana","category-ultima-hora"],"_links":{"self":[{"href":"https:\/\/diarioregionaldigital.com.br\/index.php?rest_route=\/wp\/v2\/posts\/133806","targetHints":{"allow":["GET"]}}],"collection":[{"href":"https:\/\/diarioregionaldigital.com.br\/index.php?rest_route=\/wp\/v2\/posts"}],"about":[{"href":"https:\/\/diarioregionaldigital.com.br\/index.php?rest_route=\/wp\/v2\/types\/post"}],"author":[{"embeddable":true,"href":"https:\/\/diarioregionaldigital.com.br\/index.php?rest_route=\/wp\/v2\/users\/96"}],"replies":[{"embeddable":true,"href":"https:\/\/diarioregionaldigital.com.br\/index.php?rest_route=%2Fwp%2Fv2%2Fcomments&post=133806"}],"version-history":[{"count":0,"href":"https:\/\/diarioregionaldigital.com.br\/index.php?rest_route=\/wp\/v2\/posts\/133806\/revisions"}],"wp:featuredmedia":[{"embeddable":true,"href":"https:\/\/diarioregionaldigital.com.br\/index.php?rest_route=\/wp\/v2\/media\/133807"}],"wp:attachment":[{"href":"https:\/\/diarioregionaldigital.com.br\/index.php?rest_route=%2Fwp%2Fv2%2Fmedia&parent=133806"}],"wp:term":[{"taxonomy":"category","embeddable":true,"href":"https:\/\/diarioregionaldigital.com.br\/index.php?rest_route=%2Fwp%2Fv2%2Fcategories&post=133806"},{"taxonomy":"post_tag","embeddable":true,"href":"https:\/\/diarioregionaldigital.com.br\/index.php?rest_route=%2Fwp%2Fv2%2Ftags&post=133806"}],"curies":[{"name":"wp","href":"https:\/\/api.w.org\/{rel}","templated":true}]}}