{"id":133763,"date":"2019-02-13T16:44:28","date_gmt":"2019-02-13T18:44:28","guid":{"rendered":"https:\/\/diarioregionaldigital.com.br\/?p=133763"},"modified":"2019-02-13T16:44:28","modified_gmt":"2019-02-13T18:44:28","slug":"copa-juiz-de-fora-de-futebol-amador-2019-comeca-neste-domingo","status":"publish","type":"post","link":"https:\/\/diarioregionaldigital.com.br\/?p=133763","title":{"rendered":"Copa Juiz de Fora de Futebol Amador 2019 come\u00e7a neste domingo"},"content":{"rendered":"<p>Uma das principais competi\u00e7\u00f5es de futebol amador da regi\u00e3o est\u00e1 para come\u00e7ar. A primeira rodada da edi\u00e7\u00e3o 2019 da Copa Juiz de Fora de Futebol Amador acontece neste domingo, 17, \u00e0s 8 horas, nos campos das Comiss\u00f5es de Administra\u00e7\u00e3o de Espa\u00e7o Municipal (Caems) Cer\u00e2mica, Linhares, Milho Branco, Polivalente, Progresso e S\u00e3o Benedito. Ser\u00e3o 29 jogos nas categorias adulto, s\u00eanior e veterano. Noventa e nove equipes participam do torneio.<\/p>\n<p>A \u00b4\u00b4Copa Juiz de Fora de Futebol Amador&#8220; \u00e9 promovida pela Secretaria de Esporte e Lazer (SEL), atrav\u00e9s do Departamento de Fomento \u00e0s Pol\u00edticas de Esporte e Lazer. A disputa \u00e9 realizada nas categorias adulto, veterano, master, supermaster e s\u00eanior, com o objetivo de incentivar educacionalmente a pr\u00e1tica do futebol e promover o interc\u00e2mbio desportivo e social. O campeonato substituiu a Copa das Caems, apresentando novo sistema de disputa e maior oportunidade de participa\u00e7\u00e3o para as equipes. A Liga de Futebol auxilia na arbitragem da competi\u00e7\u00e3o.<\/p>\n<p>Ap\u00f3s as reuni\u00f5es do Congresso T\u00e9cnico realizado na Secretaria de Esporte e Lazer, todas as diretrizes do campeonato foram definidas com representantes dos clubes.<\/p>\n<p>&nbsp;<\/p>\n<p>Fonte: PJF<\/p>\n","protected":false},"excerpt":{"rendered":"<p>Uma das principais competi\u00e7\u00f5es de futebol amador da regi\u00e3o est\u00e1 para come\u00e7ar. A primeira rodada da edi\u00e7\u00e3o 2019 da Copa Juiz de Fora de Futebol Amador acontece neste domingo, 17, \u00e0s 8 horas, nos campos das Comiss\u00f5es de Administra\u00e7\u00e3o de Espa\u00e7o Municipal (Caems) Cer\u00e2mica, Linhares, Milho Branco, Polivalente, Progresso e S\u00e3o Benedito. Ser\u00e3o 29 jogos [&hellip;]<\/p>\n","protected":false},"author":96,"featured_media":133764,"comment_status":"closed","ping_status":"closed","sticky":false,"template":"","format":"standard","meta":{"footnotes":""},"categories":[436,257,262,439],"tags":[],"class_list":["post-133763","post","type-post","status-publish","format-standard","has-post-thumbnail","hentry","category-destaque-da-semana","category-esporte","category-noticias","category-ultima-hora"],"_links":{"self":[{"href":"https:\/\/diarioregionaldigital.com.br\/index.php?rest_route=\/wp\/v2\/posts\/133763","targetHints":{"allow":["GET"]}}],"collection":[{"href":"https:\/\/diarioregionaldigital.com.br\/index.php?rest_route=\/wp\/v2\/posts"}],"about":[{"href":"https:\/\/diarioregionaldigital.com.br\/index.php?rest_route=\/wp\/v2\/types\/post"}],"author":[{"embeddable":true,"href":"https:\/\/diarioregionaldigital.com.br\/index.php?rest_route=\/wp\/v2\/users\/96"}],"replies":[{"embeddable":true,"href":"https:\/\/diarioregionaldigital.com.br\/index.php?rest_route=%2Fwp%2Fv2%2Fcomments&post=133763"}],"version-history":[{"count":0,"href":"https:\/\/diarioregionaldigital.com.br\/index.php?rest_route=\/wp\/v2\/posts\/133763\/revisions"}],"wp:featuredmedia":[{"embeddable":true,"href":"https:\/\/diarioregionaldigital.com.br\/index.php?rest_route=\/wp\/v2\/media\/133764"}],"wp:attachment":[{"href":"https:\/\/diarioregionaldigital.com.br\/index.php?rest_route=%2Fwp%2Fv2%2Fmedia&parent=133763"}],"wp:term":[{"taxonomy":"category","embeddable":true,"href":"https:\/\/diarioregionaldigital.com.br\/index.php?rest_route=%2Fwp%2Fv2%2Fcategories&post=133763"},{"taxonomy":"post_tag","embeddable":true,"href":"https:\/\/diarioregionaldigital.com.br\/index.php?rest_route=%2Fwp%2Fv2%2Ftags&post=133763"}],"curies":[{"name":"wp","href":"https:\/\/api.w.org\/{rel}","templated":true}]}}