{"id":133756,"date":"2019-02-13T16:07:45","date_gmt":"2019-02-13T18:07:45","guid":{"rendered":"https:\/\/diarioregionaldigital.com.br\/?p=133756"},"modified":"2019-02-13T19:32:39","modified_gmt":"2019-02-13T21:32:39","slug":"bolsonaro-chega-a-brasilia-depois-de-ter-alta-hospitalar","status":"publish","type":"post","link":"https:\/\/diarioregionaldigital.com.br\/?p=133756","title":{"rendered":"Bolsonaro chega a Bras\u00edlia depois de ter alta hospitalar"},"content":{"rendered":"<p>O presidente Jair Bolsonaro chegou a Bras\u00edlia, na tarde desta quarta-feira, 13. Os m\u00e9dicos do Hospital Israelita Albert Einstein, em S\u00e3o Paulo, onde Bolsonaro passou 17 dias internado, recomendaram repouso. Desta forma, nos pr\u00f3ximos dias, o presidente ir\u00e1 despachar do Pal\u00e1cio da Alvorada, resid\u00eancia oficial.<\/p>\n<p>Bolsonaro ser\u00e1 acompanhado pela equipe m\u00e9dica da Presid\u00eancia, que conta com enfermeiros e fisioterapeutas. O presidente estava internado desde o dia 27 de janeiro, quando passou por uma cirurgia para retirada da bolsa de colostomia e reconstru\u00e7\u00e3o do tr\u00e2nsito intestinal.<\/p>\n<p>Durante o per\u00edodo de interna\u00e7\u00e3o, o presidente foi diagnosticado com pneumonia que, de acordo com o \u00faltimo boletim m\u00e9dico, possivelmente decorreu de microaspira\u00e7\u00e3o de conte\u00fado g\u00e1strico. Ele recebeu alta na manh\u00e3 de hoje j\u00e1 com o quadro pulmonar normalizado, sem dor, sem febre, com fun\u00e7\u00e3o intestinal restabelecida e dieta leve por via oral.<\/p>\n<p>De acordo com o porta-voz da Presid\u00eancia, Ot\u00e1vio do R\u00eago Barros, Bolsonaro deve se debru\u00e7ar sobre o projeto da reforma da Previd\u00eancia, que deve ser enviado ao Congresso, nos pr\u00f3ximos dias.<\/p>\n<p>&nbsp;<\/p>\n<p>Fonte: Ag\u00eancia Brasil<\/p>\n","protected":false},"excerpt":{"rendered":"<p>O presidente Jair Bolsonaro chegou a Bras\u00edlia, na tarde desta quarta-feira, 13. Os m\u00e9dicos do Hospital Israelita Albert Einstein, em S\u00e3o Paulo, onde Bolsonaro passou 17 dias internado, recomendaram repouso. Desta forma, nos pr\u00f3ximos dias, o presidente ir\u00e1 despachar do Pal\u00e1cio da Alvorada, resid\u00eancia oficial. Bolsonaro ser\u00e1 acompanhado pela equipe m\u00e9dica da Presid\u00eancia, que conta [&hellip;]<\/p>\n","protected":false},"author":96,"featured_media":133757,"comment_status":"closed","ping_status":"closed","sticky":false,"template":"","format":"standard","meta":{"footnotes":""},"categories":[302,436,262,439],"tags":[],"class_list":["post-133756","post","type-post","status-publish","format-standard","has-post-thumbnail","hentry","category-brasil-mundo","category-destaque-da-semana","category-noticias","category-ultima-hora"],"_links":{"self":[{"href":"https:\/\/diarioregionaldigital.com.br\/index.php?rest_route=\/wp\/v2\/posts\/133756","targetHints":{"allow":["GET"]}}],"collection":[{"href":"https:\/\/diarioregionaldigital.com.br\/index.php?rest_route=\/wp\/v2\/posts"}],"about":[{"href":"https:\/\/diarioregionaldigital.com.br\/index.php?rest_route=\/wp\/v2\/types\/post"}],"author":[{"embeddable":true,"href":"https:\/\/diarioregionaldigital.com.br\/index.php?rest_route=\/wp\/v2\/users\/96"}],"replies":[{"embeddable":true,"href":"https:\/\/diarioregionaldigital.com.br\/index.php?rest_route=%2Fwp%2Fv2%2Fcomments&post=133756"}],"version-history":[{"count":0,"href":"https:\/\/diarioregionaldigital.com.br\/index.php?rest_route=\/wp\/v2\/posts\/133756\/revisions"}],"wp:featuredmedia":[{"embeddable":true,"href":"https:\/\/diarioregionaldigital.com.br\/index.php?rest_route=\/wp\/v2\/media\/133757"}],"wp:attachment":[{"href":"https:\/\/diarioregionaldigital.com.br\/index.php?rest_route=%2Fwp%2Fv2%2Fmedia&parent=133756"}],"wp:term":[{"taxonomy":"category","embeddable":true,"href":"https:\/\/diarioregionaldigital.com.br\/index.php?rest_route=%2Fwp%2Fv2%2Fcategories&post=133756"},{"taxonomy":"post_tag","embeddable":true,"href":"https:\/\/diarioregionaldigital.com.br\/index.php?rest_route=%2Fwp%2Fv2%2Ftags&post=133756"}],"curies":[{"name":"wp","href":"https:\/\/api.w.org\/{rel}","templated":true}]}}