{"id":133741,"date":"2019-02-13T00:22:14","date_gmt":"2019-02-13T02:22:14","guid":{"rendered":"https:\/\/diarioregionaldigital.com.br\/?p=133741"},"modified":"2019-02-13T00:22:14","modified_gmt":"2019-02-13T02:22:14","slug":"fifa-divulga-atualizacao-do-ranking-de-selecoes","status":"publish","type":"post","link":"https:\/\/diarioregionaldigital.com.br\/?p=133741","title":{"rendered":"Fifa divulga atualiza\u00e7\u00e3o do ranking de sele\u00e7\u00f5es"},"content":{"rendered":"<p>O Brasil se manteve na terceira posi\u00e7\u00e3o, com 1.676 pontos, logo atr\u00e1s da Fran\u00e7a, atual campe\u00e3 mundial, que sustentou a segunda coloca\u00e7\u00e3o, com 1.726. \u00a0Na listagem, a B\u00e9lgica continua na lideran\u00e7a, com 1.727 pontos.<\/p>\n<p>N\u00e3o houve nenhuma altera\u00e7\u00e3o de postos entre as sele\u00e7\u00f5es no Top 20 em rela\u00e7\u00e3o ao dia 20 de dezembro, quando houve a \u00faltima atualiza\u00e7\u00e3o. Desta forma, a Cro\u00e1cia, vice-campe\u00e3 da Copa de 2018, seguiu em quarto lugar, enquanto Inglaterra, Portugal, Uruguai, Su\u00ed\u00e7a, Espanha e Dinamarca completam, nesta ordem, o grupo dos dez primeiros.<\/p>\n<p>As principais novidades da listagem envolveram os pa\u00edses que disputaram a Copa da \u00c1sia, encerrada no \u00faltimo dia 1\u00ba, nos Emirados \u00c1rabes.<\/p>\n<p>E com destaque para o Catar, que se sagrou campe\u00e3o da competi\u00e7\u00e3o e subiu nada menos do que 38 posi\u00e7\u00f5es, saltando para o 55\u00ba posto no geral. Essa \u00e9 a melhor coloca\u00e7\u00e3o atingida pelo pa\u00eds \u00e1rabe desde 1993. Vice-campe\u00e3o do torneio continental, o Jap\u00e3o tamb\u00e9m conquistou uma evolu\u00e7\u00e3o importante no Top 50. Subiu do 50\u00ba para o 27\u00ba lugar.<\/p>\n<p><strong>\u00a0Fonte: CBF <\/strong><\/p>\n","protected":false},"excerpt":{"rendered":"<p>O Brasil se manteve na terceira posi\u00e7\u00e3o, com 1.676 pontos, logo atr\u00e1s da Fran\u00e7a, atual campe\u00e3 mundial, que sustentou a segunda coloca\u00e7\u00e3o, com 1.726. \u00a0Na listagem, a B\u00e9lgica continua na lideran\u00e7a, com 1.727 pontos. N\u00e3o houve nenhuma altera\u00e7\u00e3o de postos entre as sele\u00e7\u00f5es no Top 20 em rela\u00e7\u00e3o ao dia 20 de dezembro, quando houve [&hellip;]<\/p>\n","protected":false},"author":96,"featured_media":133742,"comment_status":"closed","ping_status":"closed","sticky":false,"template":"","format":"standard","meta":{"footnotes":""},"categories":[257,439],"tags":[],"class_list":["post-133741","post","type-post","status-publish","format-standard","has-post-thumbnail","hentry","category-esporte","category-ultima-hora"],"_links":{"self":[{"href":"https:\/\/diarioregionaldigital.com.br\/index.php?rest_route=\/wp\/v2\/posts\/133741","targetHints":{"allow":["GET"]}}],"collection":[{"href":"https:\/\/diarioregionaldigital.com.br\/index.php?rest_route=\/wp\/v2\/posts"}],"about":[{"href":"https:\/\/diarioregionaldigital.com.br\/index.php?rest_route=\/wp\/v2\/types\/post"}],"author":[{"embeddable":true,"href":"https:\/\/diarioregionaldigital.com.br\/index.php?rest_route=\/wp\/v2\/users\/96"}],"replies":[{"embeddable":true,"href":"https:\/\/diarioregionaldigital.com.br\/index.php?rest_route=%2Fwp%2Fv2%2Fcomments&post=133741"}],"version-history":[{"count":0,"href":"https:\/\/diarioregionaldigital.com.br\/index.php?rest_route=\/wp\/v2\/posts\/133741\/revisions"}],"wp:featuredmedia":[{"embeddable":true,"href":"https:\/\/diarioregionaldigital.com.br\/index.php?rest_route=\/wp\/v2\/media\/133742"}],"wp:attachment":[{"href":"https:\/\/diarioregionaldigital.com.br\/index.php?rest_route=%2Fwp%2Fv2%2Fmedia&parent=133741"}],"wp:term":[{"taxonomy":"category","embeddable":true,"href":"https:\/\/diarioregionaldigital.com.br\/index.php?rest_route=%2Fwp%2Fv2%2Fcategories&post=133741"},{"taxonomy":"post_tag","embeddable":true,"href":"https:\/\/diarioregionaldigital.com.br\/index.php?rest_route=%2Fwp%2Fv2%2Ftags&post=133741"}],"curies":[{"name":"wp","href":"https:\/\/api.w.org\/{rel}","templated":true}]}}