{"id":133738,"date":"2019-02-13T00:20:57","date_gmt":"2019-02-13T02:20:57","guid":{"rendered":"https:\/\/diarioregionaldigital.com.br\/?p=133738"},"modified":"2019-02-13T00:20:57","modified_gmt":"2019-02-13T02:20:57","slug":"goleiro-bruno-e-condenado-por-falta-grave-e-so-volta-a-ter-direito-de-progressao-de-pena-em-2023","status":"publish","type":"post","link":"https:\/\/diarioregionaldigital.com.br\/?p=133738","title":{"rendered":"Goleiro Bruno \u00e9 condenado por falta grave e s\u00f3 volta a ter direito de progress\u00e3o de pena em 2023"},"content":{"rendered":"<p>O goleiro Bruno Fernandes das Dores de Souza foi condenado por uma falta grave em processo que analisa den\u00fancia de que ele havia tido um encontro com mulheres e bebidas alco\u00f3licas em um bar da cidade de Varginha (MG), onde ele est\u00e1 preso. Com a decis\u00e3o, o goleiro s\u00f3 deve obter o direito \u00e0 progress\u00e3o de pena para o semiaberto em 2023. A defesa de Bruno afirma que vai recorrer.<\/p>\n<p>Apesar de o goleiro ter sido absolvido no Processo Administrativo Disciplinar (PAD) interno do pres\u00eddio, a decis\u00e3o da 1\u00aa Vara Criminal e de Execu\u00e7\u00f5es Penais de Varginha \u00e9 jur\u00eddica e deve ser aplicada no atestado de pena.<\/p>\n<p>Bruno est\u00e1 preso desde 2010, condenado pelo homic\u00eddio de Eliza Sam\u00fadio e por sequestro e c\u00e1rcere privado do filho Bruninho. Desde abril de 2017, o goleiro est\u00e1 preso em Varginha, onde exercia trabalho externo na Associa\u00e7\u00e3o de Prote\u00e7\u00e3o e Assist\u00eancia ao Condenado. E foi exatamente no per\u00edodo em que estava no Apac que foi gravado no p\u00e1tio de uma associa\u00e7\u00e3o anexa ao local, que funciona como bar.<\/p>\n<p>Agora, com a decis\u00e3o desta segunda-feira, Bruno perde o direito de pedir que j\u00e1 havia obtido, devido ao tempo de pena cumprido, de pedir a progress\u00e3o para o regime semiaberto.<\/p>\n<p><strong>Fonte: Divulga\u00e7\u00e3o\u00a0<\/strong><\/p>\n","protected":false},"excerpt":{"rendered":"<p>O goleiro Bruno Fernandes das Dores de Souza foi condenado por uma falta grave em processo que analisa den\u00fancia de que ele havia tido um encontro com mulheres e bebidas alco\u00f3licas em um bar da cidade de Varginha (MG), onde ele est\u00e1 preso. Com a decis\u00e3o, o goleiro s\u00f3 deve obter o direito \u00e0 progress\u00e3o [&hellip;]<\/p>\n","protected":false},"author":96,"featured_media":133739,"comment_status":"closed","ping_status":"closed","sticky":false,"template":"","format":"standard","meta":{"footnotes":""},"categories":[257,439],"tags":[],"class_list":["post-133738","post","type-post","status-publish","format-standard","has-post-thumbnail","hentry","category-esporte","category-ultima-hora"],"_links":{"self":[{"href":"https:\/\/diarioregionaldigital.com.br\/index.php?rest_route=\/wp\/v2\/posts\/133738","targetHints":{"allow":["GET"]}}],"collection":[{"href":"https:\/\/diarioregionaldigital.com.br\/index.php?rest_route=\/wp\/v2\/posts"}],"about":[{"href":"https:\/\/diarioregionaldigital.com.br\/index.php?rest_route=\/wp\/v2\/types\/post"}],"author":[{"embeddable":true,"href":"https:\/\/diarioregionaldigital.com.br\/index.php?rest_route=\/wp\/v2\/users\/96"}],"replies":[{"embeddable":true,"href":"https:\/\/diarioregionaldigital.com.br\/index.php?rest_route=%2Fwp%2Fv2%2Fcomments&post=133738"}],"version-history":[{"count":0,"href":"https:\/\/diarioregionaldigital.com.br\/index.php?rest_route=\/wp\/v2\/posts\/133738\/revisions"}],"wp:featuredmedia":[{"embeddable":true,"href":"https:\/\/diarioregionaldigital.com.br\/index.php?rest_route=\/wp\/v2\/media\/133739"}],"wp:attachment":[{"href":"https:\/\/diarioregionaldigital.com.br\/index.php?rest_route=%2Fwp%2Fv2%2Fmedia&parent=133738"}],"wp:term":[{"taxonomy":"category","embeddable":true,"href":"https:\/\/diarioregionaldigital.com.br\/index.php?rest_route=%2Fwp%2Fv2%2Fcategories&post=133738"},{"taxonomy":"post_tag","embeddable":true,"href":"https:\/\/diarioregionaldigital.com.br\/index.php?rest_route=%2Fwp%2Fv2%2Ftags&post=133738"}],"curies":[{"name":"wp","href":"https:\/\/api.w.org\/{rel}","templated":true}]}}