{"id":133735,"date":"2019-02-13T00:19:21","date_gmt":"2019-02-13T02:19:21","guid":{"rendered":"https:\/\/diarioregionaldigital.com.br\/?p=133735"},"modified":"2019-02-13T00:19:21","modified_gmt":"2019-02-13T02:19:21","slug":"confira-a-provavel-escalacao-do-flamengo-para-o-duelo-contra-o-fluminense","status":"publish","type":"post","link":"https:\/\/diarioregionaldigital.com.br\/?p=133735","title":{"rendered":"Confira a prov\u00e1vel escala\u00e7\u00e3o do Flamengo para o duelo contra o Fluminense"},"content":{"rendered":"<p>Flamengo e Fluminense se enfrentam nesta quinta-feira, \u00e0s 20h30, no Maracan\u00e3, em jogo v\u00e1lido pela semifinal da Ta\u00e7a Guanabara. Ap\u00f3s a trag\u00e9dia no CT do Ninho do Urubu, na \u00faltima sexta-feira, que deixou dez mortos e tr\u00eas feridos, o elenco rubro-negro retomou as atividades em campo nesta segunda.<\/p>\n<p>O t\u00e9cnico Abel Braga come\u00e7a a projetar a equipe que enfrentar\u00e1 o Fluminense, quinta-feira, no Maracan\u00e3. A tend\u00eancia \u00e9 que o treinador escale Gabigol no lugar de Uribe no ataque e deixe o uruguaio Arrascaeta no banco. Com isso, a escala\u00e7\u00e3o deve ser:\u00a0Diego Alves; Par\u00e1, Rodrigo Caio, Rhodolfo e Ren\u00ea; Cuellar e Ar\u00e3o; Everton Ribeiro, Diego e Bruno Henrique; Gabigol.<\/p>\n<p><strong>Homenagem <\/strong><\/p>\n<p>A inten\u00e7\u00e3o da diretoria \u00e9 fazer algo memor\u00e1vel, em respeito e rever\u00eancia aos dez meninos mortos, aos tr\u00eas que ficaram feridos e \u00e0 fam\u00edlia de todos eles.<\/p>\n<p>Foram apuradas algumas\u00a0 das ideias em pauta \u00e9 que o nome dos atingidos pelo fogo seja estampado nas camisas dos relacionados para o cl\u00e1ssico \u2014\u00a0tanto titulares quanto reservas. No caso, cada atleta teria seu pr\u00f3prio nome no verso da camisa em companhia do nome de uma das v\u00edtimas. Estariam inseridos a\u00ed os tr\u00eas feridos.<\/p>\n<p>O placar eletr\u00f4nico do\u00a0Maracan\u00e3\u00a0tamb\u00e9m participaria das homenagens, com apresenta\u00e7\u00e3o de uma pequena biografia dos garotos, antes do in\u00edcio da partida. Al\u00e9m disso, jogadores de\u00a0Flamengo\u00a0e\u00a0Fluminense\u00a0ficariam de m\u00e3os dadas durante um minuto de sil\u00eancio.<\/p>\n<p><strong>Fonte: Gazeta Press<\/strong><\/p>\n","protected":false},"excerpt":{"rendered":"<p>Flamengo e Fluminense se enfrentam nesta quinta-feira, \u00e0s 20h30, no Maracan\u00e3, em jogo v\u00e1lido pela semifinal da Ta\u00e7a Guanabara. Ap\u00f3s a trag\u00e9dia no CT do Ninho do Urubu, na \u00faltima sexta-feira, que deixou dez mortos e tr\u00eas feridos, o elenco rubro-negro retomou as atividades em campo nesta segunda. O t\u00e9cnico Abel Braga come\u00e7a a projetar [&hellip;]<\/p>\n","protected":false},"author":96,"featured_media":133736,"comment_status":"closed","ping_status":"closed","sticky":false,"template":"","format":"standard","meta":{"footnotes":""},"categories":[257,439],"tags":[],"class_list":["post-133735","post","type-post","status-publish","format-standard","has-post-thumbnail","hentry","category-esporte","category-ultima-hora"],"_links":{"self":[{"href":"https:\/\/diarioregionaldigital.com.br\/index.php?rest_route=\/wp\/v2\/posts\/133735","targetHints":{"allow":["GET"]}}],"collection":[{"href":"https:\/\/diarioregionaldigital.com.br\/index.php?rest_route=\/wp\/v2\/posts"}],"about":[{"href":"https:\/\/diarioregionaldigital.com.br\/index.php?rest_route=\/wp\/v2\/types\/post"}],"author":[{"embeddable":true,"href":"https:\/\/diarioregionaldigital.com.br\/index.php?rest_route=\/wp\/v2\/users\/96"}],"replies":[{"embeddable":true,"href":"https:\/\/diarioregionaldigital.com.br\/index.php?rest_route=%2Fwp%2Fv2%2Fcomments&post=133735"}],"version-history":[{"count":0,"href":"https:\/\/diarioregionaldigital.com.br\/index.php?rest_route=\/wp\/v2\/posts\/133735\/revisions"}],"wp:featuredmedia":[{"embeddable":true,"href":"https:\/\/diarioregionaldigital.com.br\/index.php?rest_route=\/wp\/v2\/media\/133736"}],"wp:attachment":[{"href":"https:\/\/diarioregionaldigital.com.br\/index.php?rest_route=%2Fwp%2Fv2%2Fmedia&parent=133735"}],"wp:term":[{"taxonomy":"category","embeddable":true,"href":"https:\/\/diarioregionaldigital.com.br\/index.php?rest_route=%2Fwp%2Fv2%2Fcategories&post=133735"},{"taxonomy":"post_tag","embeddable":true,"href":"https:\/\/diarioregionaldigital.com.br\/index.php?rest_route=%2Fwp%2Fv2%2Ftags&post=133735"}],"curies":[{"name":"wp","href":"https:\/\/api.w.org\/{rel}","templated":true}]}}