{"id":133728,"date":"2019-02-13T06:00:27","date_gmt":"2019-02-13T08:00:27","guid":{"rendered":"https:\/\/diarioregionaldigital.com.br\/?p=133728"},"modified":"2019-02-12T21:15:04","modified_gmt":"2019-02-12T23:15:04","slug":"prefeitura-municipal-de-tocantins-no002-13-02-19","status":"publish","type":"post","link":"https:\/\/diarioregionaldigital.com.br\/?p=133728","title":{"rendered":"Prefeitura Municipal de Tocantins &#8211; n\u00ba002 &#8211; 13\/02\/19"},"content":{"rendered":"<p style=\"margin: 0cm; margin-bottom: .0001pt; text-align: center; background: white;\" align=\"center\"><b><span style=\"font-family: 'Arial','sans-serif'; color: black;\">Aviso de Chamada P\u00fablica n\u00b0 002\/2019<\/span><\/b><b><span style=\"font-size: 8.0pt; font-family: 'Arial','sans-serif'; color: black;\">\u00a0<\/span><\/b><\/p>\n<p style=\"margin: 0cm; margin-bottom: .0001pt; text-align: justify; background: white;\"><span style=\"font-family: 'Arial','sans-serif'; color: black;\">O Munic\u00edpio de TOCANTINS, na forma da lei, faz saber a todos quantos o presente edital virem, ou dele conhecimento tiverem, que de 08:00 as 11:00 e de 13:00 \u00e0s 16:00 horas do dia 14 de fevereiro ao dia 11 mar\u00e7o de 2019, na Prefeitura Municipal na sala da comiss\u00e3o de licita\u00e7\u00e3o, localizada na rua Av. Padre Mac\u00e1rio, n\u00b0 129, bairro Centro, munic\u00edpio de TOCANTINS, ser\u00e1 realizada chamada p\u00fablica para a contrata\u00e7\u00e3o de interessados no fornecimento\u00a0<b>FRUTAS, LEGUMES E OUTROS GENEROS ALIMENTICIOS PARA AGRUCULTURA FAMILIAR, ficando designada o recebimento dos envelopes para o dia 13\/03\/2019 \u00e0s 09:00 horas,\u00a0<\/b>conforme consta no edital que se encontra\u00a0 a disposi\u00e7\u00e3o de todos\u00a0 os interessados\u00a0 na Prefeitura Municipal, onde poder\u00e3o obt\u00ea-lo. Para conhecimento de todos os interessados, expediu-se o presente que ser\u00e1 afixado no lugar de costume, publicando-se na forma da lei.TOCANTINS, 12 de fevereiro de 2019.<\/span><\/p>\n<p style=\"margin: 0cm 0cm 0.0001pt; background: white; text-align: center;\"><b><span style=\"font-family: 'Arial','sans-serif'; color: black;\">ANA L\u00daCIA RODRIGUES &#8211;\u00a0Presidente da Comiss\u00e3o Permanente de Licita\u00e7\u00e3o<\/span><\/b><\/p>\n","protected":false},"excerpt":{"rendered":"<p>Aviso de Chamada P\u00fablica n\u00b0 002\/2019\u00a0 O Munic\u00edpio de TOCANTINS, na forma da lei, faz saber a todos quantos o presente edital virem, ou dele conhecimento tiverem, que de 08:00 as 11:00 e de 13:00 \u00e0s 16:00 horas do dia 14 de fevereiro ao dia 11 mar\u00e7o de 2019, na Prefeitura Municipal na sala da [&hellip;]<\/p>\n","protected":false},"author":96,"featured_media":0,"comment_status":"closed","ping_status":"closed","sticky":false,"template":"","format":"standard","meta":{"footnotes":""},"categories":[307],"tags":[],"class_list":["post-133728","post","type-post","status-publish","format-standard","hentry","category-editais"],"_links":{"self":[{"href":"https:\/\/diarioregionaldigital.com.br\/index.php?rest_route=\/wp\/v2\/posts\/133728","targetHints":{"allow":["GET"]}}],"collection":[{"href":"https:\/\/diarioregionaldigital.com.br\/index.php?rest_route=\/wp\/v2\/posts"}],"about":[{"href":"https:\/\/diarioregionaldigital.com.br\/index.php?rest_route=\/wp\/v2\/types\/post"}],"author":[{"embeddable":true,"href":"https:\/\/diarioregionaldigital.com.br\/index.php?rest_route=\/wp\/v2\/users\/96"}],"replies":[{"embeddable":true,"href":"https:\/\/diarioregionaldigital.com.br\/index.php?rest_route=%2Fwp%2Fv2%2Fcomments&post=133728"}],"version-history":[{"count":0,"href":"https:\/\/diarioregionaldigital.com.br\/index.php?rest_route=\/wp\/v2\/posts\/133728\/revisions"}],"wp:attachment":[{"href":"https:\/\/diarioregionaldigital.com.br\/index.php?rest_route=%2Fwp%2Fv2%2Fmedia&parent=133728"}],"wp:term":[{"taxonomy":"category","embeddable":true,"href":"https:\/\/diarioregionaldigital.com.br\/index.php?rest_route=%2Fwp%2Fv2%2Fcategories&post=133728"},{"taxonomy":"post_tag","embeddable":true,"href":"https:\/\/diarioregionaldigital.com.br\/index.php?rest_route=%2Fwp%2Fv2%2Ftags&post=133728"}],"curies":[{"name":"wp","href":"https:\/\/api.w.org\/{rel}","templated":true}]}}