{"id":133695,"date":"2019-02-12T17:59:03","date_gmt":"2019-02-12T19:59:03","guid":{"rendered":"https:\/\/diarioregionaldigital.com.br\/?p=133695"},"modified":"2019-02-14T17:43:27","modified_gmt":"2019-02-14T19:43:27","slug":"settra-desativa-ponto-de-onibus-na-regiao-central","status":"publish","type":"post","link":"https:\/\/diarioregionaldigital.com.br\/?p=133695","title":{"rendered":"Settra desativa ponto de \u00f4nibus na regi\u00e3o central"},"content":{"rendered":"<p>Em decorr\u00eancia das obras do Viaduto Augusto Franco, o ponto de \u00f4nibus da Rua \u00c2ngelo Falci, localizado na regi\u00e3o central da cidade, ser\u00e1 desativado e transferido para a Pra\u00e7a da Esta\u00e7\u00e3o. Segundo a Secretaria de Transporte e Tr\u00e2nsito (Settra) da Prefeitura de Juiz de Fora, a mudan\u00e7a come\u00e7a a valer a partir de quinta-feira, 14.<\/p>\n<p>As linhas afetadas pela mudan\u00e7a ser\u00e3o: 301 Usina, 302 Floresta, 303,305 e 315 Jardim Esperan\u00e7a, 304 Caet\u00e9, 306 Retiro, 309 Terras Altas, 313 Sarandira, 321 Vila Ozanan, 322 Furtado de Menezes, 325 e 326 Solidariedade, 331e 332 Vila Ideal, 333 Granjas Primavera, 335 Granjas Bethel e 399 Olavo Costa.<\/p>\n<p>Fiscais atuar\u00e3o no ponto antigo alertando e orientando os populares sobre a desativa\u00e7\u00e3o do ponto e o encaminhamento para o novo local. Al\u00e9m disso, ser\u00e1 colocada faixa no local, com informa\u00e7\u00e3o da mudan\u00e7a.<\/p>\n","protected":false},"excerpt":{"rendered":"<p>Em decorr\u00eancia das obras do Viaduto Augusto Franco, o ponto de \u00f4nibus da Rua \u00c2ngelo Falci, localizado na regi\u00e3o central da cidade, ser\u00e1 desativado e transferido para a Pra\u00e7a da Esta\u00e7\u00e3o. Segundo a Secretaria de Transporte e Tr\u00e2nsito (Settra) da Prefeitura de Juiz de Fora, a mudan\u00e7a come\u00e7a a valer a partir de quinta-feira, 14. [&hellip;]<\/p>\n","protected":false},"author":96,"featured_media":133937,"comment_status":"closed","ping_status":"closed","sticky":false,"template":"","format":"standard","meta":{"footnotes":""},"categories":[253,436,440,439],"tags":[],"class_list":["post-133695","post","type-post","status-publish","format-standard","has-post-thumbnail","hentry","category-cidade","category-destaque-da-semana","category-destaques-do-dia","category-ultima-hora"],"_links":{"self":[{"href":"https:\/\/diarioregionaldigital.com.br\/index.php?rest_route=\/wp\/v2\/posts\/133695","targetHints":{"allow":["GET"]}}],"collection":[{"href":"https:\/\/diarioregionaldigital.com.br\/index.php?rest_route=\/wp\/v2\/posts"}],"about":[{"href":"https:\/\/diarioregionaldigital.com.br\/index.php?rest_route=\/wp\/v2\/types\/post"}],"author":[{"embeddable":true,"href":"https:\/\/diarioregionaldigital.com.br\/index.php?rest_route=\/wp\/v2\/users\/96"}],"replies":[{"embeddable":true,"href":"https:\/\/diarioregionaldigital.com.br\/index.php?rest_route=%2Fwp%2Fv2%2Fcomments&post=133695"}],"version-history":[{"count":0,"href":"https:\/\/diarioregionaldigital.com.br\/index.php?rest_route=\/wp\/v2\/posts\/133695\/revisions"}],"wp:featuredmedia":[{"embeddable":true,"href":"https:\/\/diarioregionaldigital.com.br\/index.php?rest_route=\/wp\/v2\/media\/133937"}],"wp:attachment":[{"href":"https:\/\/diarioregionaldigital.com.br\/index.php?rest_route=%2Fwp%2Fv2%2Fmedia&parent=133695"}],"wp:term":[{"taxonomy":"category","embeddable":true,"href":"https:\/\/diarioregionaldigital.com.br\/index.php?rest_route=%2Fwp%2Fv2%2Fcategories&post=133695"},{"taxonomy":"post_tag","embeddable":true,"href":"https:\/\/diarioregionaldigital.com.br\/index.php?rest_route=%2Fwp%2Fv2%2Ftags&post=133695"}],"curies":[{"name":"wp","href":"https:\/\/api.w.org\/{rel}","templated":true}]}}