{"id":133692,"date":"2019-02-12T15:03:27","date_gmt":"2019-02-12T17:03:27","guid":{"rendered":"https:\/\/diarioregionaldigital.com.br\/?p=133692"},"modified":"2019-02-12T18:05:50","modified_gmt":"2019-02-12T20:05:50","slug":"dados-do-novo-boletim-epidemiologico-apontam-17-860-casos-provaveis-de-dengue-em-minas-gerais","status":"publish","type":"post","link":"https:\/\/diarioregionaldigital.com.br\/?p=133692","title":{"rendered":"Dados do novo Boletim Epidemiol\u00f3gico apontam 17.860 casos prov\u00e1veis de dengue em Minas Gerais"},"content":{"rendered":"<p>A Secretaria de Estado de Sa\u00fade de Minas Gerais (SES-MG) divulgou o novo Boletim Epidemiol\u00f3gico de Monitoramento dos casos de Dengue, Chikungunya e Zika V\u00edrus. De acordo com os dados atualizados no \u00faltimo dia 11, at\u00e9 o momento em 2019, Minas Gerais registrou\u00a017.860 casos prov\u00e1veis (casos confirmados + suspeitos) de dengue. Al\u00e9m disso, quatro \u00f3bitos em investiga\u00e7\u00e3o para dengue.<\/p>\n<p>Em rela\u00e7\u00e3o \u00e0\u00a0Febre Chikungunya, o Estado registrou\u00a0317 casos prov\u00e1veis da doen\u00e7a. H\u00e1 um \u00f3bito em investiga\u00e7\u00e3o, notificado em 2018.\u00a0Este ano, at\u00e9 o momento, n\u00e3o houve registro de \u00f3bitos suspeitos da doen\u00e7a.<\/p>\n<p>Foram registrados\u00a092 casos prov\u00e1veis da doen\u00e7a em 2019, at\u00e9 a data da atualiza\u00e7\u00e3o, com rela\u00e7\u00e3o \u00e0\u00a0Zika.<\/p>\n<p>A SES-MG esclarece que um registro maior de casos \u00e9 esperado para este per\u00edodo (meses quentes e chuvosos) devido \u00e0 sazonalidade da doen\u00e7a. Dessa forma, o estado est\u00e1 em situa\u00e7\u00e3o de alerta para esse aumento no n\u00famero de casos das doen\u00e7as transmitidas pelo Aedes (dengue, chikungunya e zika).<\/p>\n<p>A SES-MG destaca que as a\u00e7\u00f5es de controle da Dengue, Zika e Chikungunya s\u00e3o permanentes, ocorrendo durante todo o ano. Dentre as a\u00e7\u00f5es desenvolvidas pela Secretaria para o enfrentamento ao Aedes est\u00e3o:<\/p>\n<ul>\n<li>Realiza\u00e7\u00e3o de reuni\u00e3o t\u00e9cnica com as regionais de sa\u00fade em setembro de 2018 para revis\u00e3o das atividades do Programa Estadual de Controle das Doen\u00e7as Transmitidas pelo Aedes;<\/li>\n<li>Monitoramento dos indicadores municipais do PROMAVS (Programa de Monitoramento das A\u00e7\u00f5es de Vigil\u00e2ncia em Sa\u00fade do Estado de Minas Gerais). Dentre todos os indicadores, um deles \u00e9 referente \u00e0 obrigatoriedade de cadastro dos agentes de combate a endemias (ACE) no CNES (Cadastro Nacional de Estabelecimento de Sa\u00fade) pelo munic\u00edpio, mantendo v\u00ednculo no servi\u00e7o. Isso gera continuidade nas a\u00e7\u00f5es de preven\u00e7\u00e3o e controle das arboviroses;<\/li>\n<li>Elabora\u00e7\u00e3o dos Planos de Conting\u00eancia Estadual e Municipais para preven\u00e7\u00e3o e controle das doen\u00e7as transmitidas pelo Aedes. A partir da fase em que o munic\u00edpio se encontra algumas a\u00e7\u00f5es s\u00e3o desencadeadas pelo Estado.<\/li>\n<\/ul>\n<p>&nbsp;<\/p>\n","protected":false},"excerpt":{"rendered":"<p>A Secretaria de Estado de Sa\u00fade de Minas Gerais (SES-MG) divulgou o novo Boletim Epidemiol\u00f3gico de Monitoramento dos casos de Dengue, Chikungunya e Zika V\u00edrus. De acordo com os dados atualizados no \u00faltimo dia 11, at\u00e9 o momento em 2019, Minas Gerais registrou\u00a017.860 casos prov\u00e1veis (casos confirmados + suspeitos) de dengue. Al\u00e9m disso, quatro \u00f3bitos [&hellip;]<\/p>\n","protected":false},"author":96,"featured_media":133693,"comment_status":"closed","ping_status":"closed","sticky":false,"template":"","format":"standard","meta":{"footnotes":""},"categories":[436,440],"tags":[],"class_list":["post-133692","post","type-post","status-publish","format-standard","has-post-thumbnail","hentry","category-destaque-da-semana","category-destaques-do-dia"],"_links":{"self":[{"href":"https:\/\/diarioregionaldigital.com.br\/index.php?rest_route=\/wp\/v2\/posts\/133692","targetHints":{"allow":["GET"]}}],"collection":[{"href":"https:\/\/diarioregionaldigital.com.br\/index.php?rest_route=\/wp\/v2\/posts"}],"about":[{"href":"https:\/\/diarioregionaldigital.com.br\/index.php?rest_route=\/wp\/v2\/types\/post"}],"author":[{"embeddable":true,"href":"https:\/\/diarioregionaldigital.com.br\/index.php?rest_route=\/wp\/v2\/users\/96"}],"replies":[{"embeddable":true,"href":"https:\/\/diarioregionaldigital.com.br\/index.php?rest_route=%2Fwp%2Fv2%2Fcomments&post=133692"}],"version-history":[{"count":0,"href":"https:\/\/diarioregionaldigital.com.br\/index.php?rest_route=\/wp\/v2\/posts\/133692\/revisions"}],"wp:featuredmedia":[{"embeddable":true,"href":"https:\/\/diarioregionaldigital.com.br\/index.php?rest_route=\/wp\/v2\/media\/133693"}],"wp:attachment":[{"href":"https:\/\/diarioregionaldigital.com.br\/index.php?rest_route=%2Fwp%2Fv2%2Fmedia&parent=133692"}],"wp:term":[{"taxonomy":"category","embeddable":true,"href":"https:\/\/diarioregionaldigital.com.br\/index.php?rest_route=%2Fwp%2Fv2%2Fcategories&post=133692"},{"taxonomy":"post_tag","embeddable":true,"href":"https:\/\/diarioregionaldigital.com.br\/index.php?rest_route=%2Fwp%2Fv2%2Ftags&post=133692"}],"curies":[{"name":"wp","href":"https:\/\/api.w.org\/{rel}","templated":true}]}}