{"id":133689,"date":"2019-02-12T17:34:41","date_gmt":"2019-02-12T19:34:41","guid":{"rendered":"https:\/\/diarioregionaldigital.com.br\/?p=133689"},"modified":"2019-02-12T18:52:41","modified_gmt":"2019-02-12T20:52:41","slug":"homem-e-preso-em-juiz-de-fora-durante-operacao-deflagrada-pelo-ministerio-publico-do-rio-de-janeiro","status":"publish","type":"post","link":"https:\/\/diarioregionaldigital.com.br\/?p=133689","title":{"rendered":"Homem \u00e9 preso em Juiz de Fora durante opera\u00e7\u00e3o deflagrada pelo Minist\u00e9rio P\u00fablico do Rio de Janeiro"},"content":{"rendered":"<p>Um homem foi preso nesta ter\u00e7a-feira, 12, em Juiz de Fora, durante a \u201cOpera\u00e7\u00e3o Fluvial\u201d. A suspeita \u00e9 de que ele \u00e9 l\u00edder de fac\u00e7\u00e3o criminosa ligada ao tr\u00e1fico de drogas e \u00e0 pr\u00e1tica de homic\u00eddios. Ele estaria agindo na cidade de Tr\u00eas Rios (RJ), mas estaria escondido em Juiz de Fora.<\/p>\n<p>A manobra, deflagrada pelo Minist\u00e9rio P\u00fablico do Rio de Janeiro (MPRJ), por meio do Grupo de Atua\u00e7\u00e3o Especial de Combate ao Crime Organizado (Gaeco), e em parceria com a Pol\u00edcia Federal, tem como objetivo desarticular a organiza\u00e7\u00e3o que atuava no com\u00e9rcio de armas, muni\u00e7\u00f5es e entorpecentes. A maior parte da a\u00e7\u00e3o foi realizada no munic\u00edpio de Tr\u00eas Rios (RJ), pouco mais de 60 quil\u00f4metros de Juiz de Fora. Foram 13 mandados de pris\u00e3o expedidos.<\/p>\n<p>De acordo com as investiga\u00e7\u00f5es conduzidas pelo MPRJ, os grupos disputam o controle do tr\u00e1fico de drogas na regi\u00e3o<\/p>\n<p>Para embasar os pedidos de pris\u00e3o o GAECO\/MPRJ ofereceu tr\u00eas diferentes den\u00fancias \u00e0 Justi\u00e7a. Na primeira, os promotores relatam a atua\u00e7\u00e3o de um grupo liderado por P.H.F.P. vulgo \u2018Buiu\u2019, e formado por J.A.L. (\u2018Bola\u2019), T.L.S. (\u2018Tic\u00e3o\u2019), A.S.A.R. (\u2018Leleco\u2019), R.P.C.L. (\u2018Bal\u00e3o\u2019), R.F.S. (\u2018Rafael\u2019) e L.C.A. (\u2018Dod\u00f3\u2019).<\/p>\n<p>Os sete foram denunciados no artigo 35 da Lei n\u00ba. 11.343\/06, pela associa\u00e7\u00e3o de duas ou mais pessoas para o fim de praticar qualquer dos crimes previstos nos artigos 33 caput e \u00a7 1\u00ba e 34 da legisla\u00e7\u00e3o, com pena prevista de reclus\u00e3o, de tr\u00eas a dez anos, e pagamento de 700 a 1.200 dias-multa. Como l\u00edderes do grupo, \u2018Buiu\u2019 e \u2018Bal\u00e3o\u2019 tamb\u00e9m foram incursos no artigo 33 da lei, que relatas as a\u00e7\u00f5es de \u201cimportar, exportar, remeter, preparar, produzir, fabricar, adquirir, vender, expor \u00e0 venda, oferecer, ter em dep\u00f3sito, transportar, trazer consigo, guardar, prescrever, ministrar, entregar a consumo ou fornecer drogas, ainda que gratuitamente, sem autoriza\u00e7\u00e3o ou em desacordo com determina\u00e7\u00e3o legal\u201d, e que tem pena prevista de reclus\u00e3o de cinco a 15 anos, al\u00e9m do pagamento de 500 a 1.500 dias-multa.<\/p>\n<p>Em outra den\u00fancia, aparecem os nomes do grupo criminoso composto por L.C.F. (vulgo \u2018LC\u2019 ou \u2018Sap\u00e3o\u2019), M.A.S. (\u2018MM\u2019), C.A.O.F. (\u2018Cullin\u2019), G.R.A. (\u2018Geovane\u2019) e P.C.F.F. (\u2018Bigode\u2019). Os cinco denunciados tamb\u00e9m infringiram o artigo 35 da Lei n\u00ba. 11.343\/06, com incid\u00eancia das causas especiais de aumento de pena previstas no artigo 40, incisos IV e VI da legisla\u00e7\u00e3o, e do aumento de pena constante do artigo 40, inciso III, da Lei de Drogas. Como l\u00edderes da organiza\u00e7\u00e3o, \u2018LC\u2019 e \u2018Cullin\u2019 tamb\u00e9m foram incursos no artigo 33, caput, da Lei n\u00ba. 11.343\/06.<\/p>\n<p>A terceira organiza\u00e7\u00e3o criminosa atuante no munic\u00edpio \u00e9 integrada por \u2018MM\u2019 e A.R.C. (vulgo \u20182A\u2019) e foi identificada como pertencente \u00e0 fac\u00e7\u00e3o criminosa Primeiro Comando da Capital (PCC). Este grupo realiza a aquisi\u00e7\u00e3o e o transporte das drogas do Estado de S\u00e3o Paulo para o munic\u00edpio fluminense atrav\u00e9s de pessoas contratadas. Mesmo preso em Junqueir\u00f3polis\/SP, \u2018MM\u2019 possui a fun\u00e7\u00e3o de fornecedor da droga para \u20182A\u2019 traficar em Tr\u00eas Rios. Ambos foram denunciados no artigo 35 da Lei n\u00ba 11.343\/06, com a incid\u00eancia da causa especial de aumento de pena prevista no artigo 40, inciso IV, da referida legisla\u00e7\u00e3o, sem preju\u00edzo, no que tange a \u2018MM\u2019, da incid\u00eancia da causa especial de aumento de pena constante do artigo 40, inciso III, da Lei de Drogas. J\u00e1 \u20182A\u2019 tamb\u00e9m foi incurso no artigo 33, caput, da Lei n.\u00ba 11.343\/06.<\/p>\n","protected":false},"excerpt":{"rendered":"<p>Um homem foi preso nesta ter\u00e7a-feira, 12, em Juiz de Fora, durante a \u201cOpera\u00e7\u00e3o Fluvial\u201d. A suspeita \u00e9 de que ele \u00e9 l\u00edder de fac\u00e7\u00e3o criminosa ligada ao tr\u00e1fico de drogas e \u00e0 pr\u00e1tica de homic\u00eddios. Ele estaria agindo na cidade de Tr\u00eas Rios (RJ), mas estaria escondido em Juiz de Fora. A manobra, deflagrada [&hellip;]<\/p>\n","protected":false},"author":96,"featured_media":95836,"comment_status":"closed","ping_status":"closed","sticky":false,"template":"","format":"standard","meta":{"footnotes":""},"categories":[301,436,440,439],"tags":[],"class_list":["post-133689","post","type-post","status-publish","format-standard","has-post-thumbnail","hentry","category-artigos-policiais","category-destaque-da-semana","category-destaques-do-dia","category-ultima-hora"],"_links":{"self":[{"href":"https:\/\/diarioregionaldigital.com.br\/index.php?rest_route=\/wp\/v2\/posts\/133689","targetHints":{"allow":["GET"]}}],"collection":[{"href":"https:\/\/diarioregionaldigital.com.br\/index.php?rest_route=\/wp\/v2\/posts"}],"about":[{"href":"https:\/\/diarioregionaldigital.com.br\/index.php?rest_route=\/wp\/v2\/types\/post"}],"author":[{"embeddable":true,"href":"https:\/\/diarioregionaldigital.com.br\/index.php?rest_route=\/wp\/v2\/users\/96"}],"replies":[{"embeddable":true,"href":"https:\/\/diarioregionaldigital.com.br\/index.php?rest_route=%2Fwp%2Fv2%2Fcomments&post=133689"}],"version-history":[{"count":0,"href":"https:\/\/diarioregionaldigital.com.br\/index.php?rest_route=\/wp\/v2\/posts\/133689\/revisions"}],"wp:featuredmedia":[{"embeddable":true,"href":"https:\/\/diarioregionaldigital.com.br\/index.php?rest_route=\/wp\/v2\/media\/95836"}],"wp:attachment":[{"href":"https:\/\/diarioregionaldigital.com.br\/index.php?rest_route=%2Fwp%2Fv2%2Fmedia&parent=133689"}],"wp:term":[{"taxonomy":"category","embeddable":true,"href":"https:\/\/diarioregionaldigital.com.br\/index.php?rest_route=%2Fwp%2Fv2%2Fcategories&post=133689"},{"taxonomy":"post_tag","embeddable":true,"href":"https:\/\/diarioregionaldigital.com.br\/index.php?rest_route=%2Fwp%2Fv2%2Ftags&post=133689"}],"curies":[{"name":"wp","href":"https:\/\/api.w.org\/{rel}","templated":true}]}}