{"id":133686,"date":"2019-02-12T17:36:03","date_gmt":"2019-02-12T19:36:03","guid":{"rendered":"https:\/\/diarioregionaldigital.com.br\/?p=133686"},"modified":"2019-02-12T17:36:03","modified_gmt":"2019-02-12T19:36:03","slug":"ufjf-divulga-resultado-do-processo-seletivo-para-vagas-ociosas","status":"publish","type":"post","link":"https:\/\/diarioregionaldigital.com.br\/?p=133686","title":{"rendered":"UFJF divulga resultado do processo seletivo para vagas ociosas"},"content":{"rendered":"<p>A Universidade Federal de Juiz de Fora (UFJF) publicou nesta ter\u00e7a-feira, 12, o resultado do\u00a0<a href=\"http:\/\/www.ufjf.br\/cdara\/2019\/02\/12\/resultado-do-processo-de-vagas-ociosas-12019-novo\/\" target=\"_blank\" rel=\"noopener\">Processo Seletivo de Ocupa\u00e7\u00e3o de Vagas Ociosas<\/a>\u00a0para ingresso no primeiro semestre letivo de 2019. Os candidatos aprovados para as modalidades de transfer\u00eancia de institui\u00e7\u00f5es de ensino superior (IES) e ingresso de graduado, dever\u00e3o comparecer na Central de Atendimento, de um dos campi da UFJF, entre os dias 13 e 14 de fevereiro, para entregar os documentos exigidos e efetuar a matr\u00edcula.<\/p>\n<p>Para os aprovados nos processos de reinscri\u00e7\u00e3o e mudan\u00e7a de curso n\u00e3o ser\u00e1 necess\u00e1rio entregar documento algum, nem confirmar interesse na mudan\u00e7a de curso, pois a atualiza\u00e7\u00e3o do Sistema Integrado de Gest\u00e3o Acad\u00eamica (Siga) ser\u00e1 realizada automaticamente pela\u00a0Coordenadoria de Assuntos e Registros Acad\u00eamicos (Cdara). O aluno dever\u00e1 apenas solicitar \u00e0 coordena\u00e7\u00e3o do novo curso o ajuste da matr\u00edcula nas disciplinas que ser\u00e3o cursadas no primeiro semestre letivo.<\/p>\n<p>Para os candidatos excedentes das modalidades de mudan\u00e7a de curso, transfer\u00eancia de IES ou ingresso de graduado, ser\u00e1 preciso acompanhar os novos editais de reclassifica\u00e7\u00e3o e, se convocados, seguir as orienta\u00e7\u00f5es para a entrega dos documentos necess\u00e1rios para o ato de matr\u00edcula.<\/p>\n<p>Havendo desist\u00eancias de candidatos aprovados, os editais de reclassifica\u00e7\u00e3o ser\u00e3o publicados na p\u00e1gina eletr\u00f4nica da\u00a0<a href=\"http:\/\/www.ufjf.br\/cdara\/\" target=\"_blank\" rel=\"noopener\">Cdara<\/a>, nos dias 27 de fevereiro e 18 e 26 de mar\u00e7o.<\/p>\n<p>&nbsp;<\/p>\n<p>Fonte: UFJF<\/p>\n","protected":false},"excerpt":{"rendered":"<p>A Universidade Federal de Juiz de Fora (UFJF) publicou nesta ter\u00e7a-feira, 12, o resultado do\u00a0Processo Seletivo de Ocupa\u00e7\u00e3o de Vagas Ociosas\u00a0para ingresso no primeiro semestre letivo de 2019. Os candidatos aprovados para as modalidades de transfer\u00eancia de institui\u00e7\u00f5es de ensino superior (IES) e ingresso de graduado, dever\u00e3o comparecer na Central de Atendimento, de um dos [&hellip;]<\/p>\n","protected":false},"author":96,"featured_media":132754,"comment_status":"closed","ping_status":"closed","sticky":false,"template":"","format":"standard","meta":{"footnotes":""},"categories":[253,436,262,439],"tags":[],"class_list":["post-133686","post","type-post","status-publish","format-standard","has-post-thumbnail","hentry","category-cidade","category-destaque-da-semana","category-noticias","category-ultima-hora"],"_links":{"self":[{"href":"https:\/\/diarioregionaldigital.com.br\/index.php?rest_route=\/wp\/v2\/posts\/133686","targetHints":{"allow":["GET"]}}],"collection":[{"href":"https:\/\/diarioregionaldigital.com.br\/index.php?rest_route=\/wp\/v2\/posts"}],"about":[{"href":"https:\/\/diarioregionaldigital.com.br\/index.php?rest_route=\/wp\/v2\/types\/post"}],"author":[{"embeddable":true,"href":"https:\/\/diarioregionaldigital.com.br\/index.php?rest_route=\/wp\/v2\/users\/96"}],"replies":[{"embeddable":true,"href":"https:\/\/diarioregionaldigital.com.br\/index.php?rest_route=%2Fwp%2Fv2%2Fcomments&post=133686"}],"version-history":[{"count":0,"href":"https:\/\/diarioregionaldigital.com.br\/index.php?rest_route=\/wp\/v2\/posts\/133686\/revisions"}],"wp:featuredmedia":[{"embeddable":true,"href":"https:\/\/diarioregionaldigital.com.br\/index.php?rest_route=\/wp\/v2\/media\/132754"}],"wp:attachment":[{"href":"https:\/\/diarioregionaldigital.com.br\/index.php?rest_route=%2Fwp%2Fv2%2Fmedia&parent=133686"}],"wp:term":[{"taxonomy":"category","embeddable":true,"href":"https:\/\/diarioregionaldigital.com.br\/index.php?rest_route=%2Fwp%2Fv2%2Fcategories&post=133686"},{"taxonomy":"post_tag","embeddable":true,"href":"https:\/\/diarioregionaldigital.com.br\/index.php?rest_route=%2Fwp%2Fv2%2Ftags&post=133686"}],"curies":[{"name":"wp","href":"https:\/\/api.w.org\/{rel}","templated":true}]}}