{"id":133682,"date":"2019-02-12T17:22:30","date_gmt":"2019-02-12T19:22:30","guid":{"rendered":"https:\/\/diarioregionaldigital.com.br\/?p=133682"},"modified":"2019-02-12T17:22:30","modified_gmt":"2019-02-12T19:22:30","slug":"producao-de-ovos-bate-recorde-no-pais","status":"publish","type":"post","link":"https:\/\/diarioregionaldigital.com.br\/?p=133682","title":{"rendered":"Produ\u00e7\u00e3o de ovos bate recorde no pa\u00eds"},"content":{"rendered":"<p>As granjas brasileiras registraram a produ\u00e7\u00e3o de 928,42 milh\u00f5es de d\u00fazias de ovos no quarto trimestre de 2018. Segundo dados divulgados nesta ter\u00e7a-feira, 12,\u00a0pelo Instituto Brasileiro de Geografia e Estat\u00edstica (IBGE), esse \u00e9 o maior valor da s\u00e9rie da hist\u00f3rica da pesquisa, iniciada em 1987.<\/p>\n<p>A produ\u00e7\u00e3o de ovos do quarto trimestre foi 1% maior do que a registrada no terceiro trimestre e 8,2% superior ao resultado do quarto trimestre de 2017.<\/p>\n<p>A pesquisa tamb\u00e9m analisa as aquisi\u00e7\u00f5es de leite e de couro pelas unidades beneficiadoras do pa\u00eds. A aquisi\u00e7\u00e3o de leite registrou aumentos de 7,2% em rela\u00e7\u00e3o ao terceiro trimestre de 2018 e de 2,5% na compara\u00e7\u00e3o com o quarto trimestre de 2017. J\u00e1 a aquisi\u00e7\u00e3o de couro teve queda de 2,1% em rela\u00e7\u00e3o ao terceiro trimestre e alta de 2% em rela\u00e7\u00e3o ao quarto trimestre do ano anterior.<\/p>\n<h2>Abate de animais<\/h2>\n<p>O IBGE tamb\u00e9m divulgou\u00a0<span id=\"OBJ_PREFIX_DWT2824_com_zimbra_date\" role=\"link\"><span id=\"OBJ_PREFIX_DWT2828_com_zimbra_date\" role=\"link\">hoje<\/span><\/span>\u00a0as pesquisas de abates de bovinos, su\u00ednos e de frangos. O abate de bovinos chegou a 8,09 milh\u00f5es de cabe\u00e7as de bovinos no quarto trimestre de 2018, uma queda de 2,3% na compara\u00e7\u00e3o com o terceiro trimestre. O resultado \u00e9 0,4% maior do que o do quarto trimestre de 2017.<\/p>\n<p>No quarto trimestre de 2018, foram abatidas 11,1 milh\u00f5es de cabe\u00e7as de su\u00ednos, representando queda de 4,0% em rela\u00e7\u00e3o ao trimestre imediatamente anterior e um crescimento de 0,4% na compara\u00e7\u00e3o com o mesmo per\u00edodo de 2017.<\/p>\n<p>No pa\u00eds, foram abatidas 1,42 bilh\u00e3o de cabe\u00e7as de frangos, no quarto trimestre de 2018. Esse resultado significou queda em rela\u00e7\u00e3o ao trimestre imediatamente anterior (-0,7%) e ao mesmo per\u00edodo de 2017 (-0,9%).<\/p>\n<p>&nbsp;<\/p>\n<p>Fonte: Ag\u00eancia Brasil<\/p>\n","protected":false},"excerpt":{"rendered":"<p>As granjas brasileiras registraram a produ\u00e7\u00e3o de 928,42 milh\u00f5es de d\u00fazias de ovos no quarto trimestre de 2018. Segundo dados divulgados nesta ter\u00e7a-feira, 12,\u00a0pelo Instituto Brasileiro de Geografia e Estat\u00edstica (IBGE), esse \u00e9 o maior valor da s\u00e9rie da hist\u00f3rica da pesquisa, iniciada em 1987. A produ\u00e7\u00e3o de ovos do quarto trimestre foi 1% maior [&hellip;]<\/p>\n","protected":false},"author":96,"featured_media":133684,"comment_status":"closed","ping_status":"closed","sticky":false,"template":"","format":"standard","meta":{"footnotes":""},"categories":[436,261,262,439],"tags":[],"class_list":["post-133682","post","type-post","status-publish","format-standard","has-post-thumbnail","hentry","category-destaque-da-semana","category-economia","category-noticias","category-ultima-hora"],"_links":{"self":[{"href":"https:\/\/diarioregionaldigital.com.br\/index.php?rest_route=\/wp\/v2\/posts\/133682","targetHints":{"allow":["GET"]}}],"collection":[{"href":"https:\/\/diarioregionaldigital.com.br\/index.php?rest_route=\/wp\/v2\/posts"}],"about":[{"href":"https:\/\/diarioregionaldigital.com.br\/index.php?rest_route=\/wp\/v2\/types\/post"}],"author":[{"embeddable":true,"href":"https:\/\/diarioregionaldigital.com.br\/index.php?rest_route=\/wp\/v2\/users\/96"}],"replies":[{"embeddable":true,"href":"https:\/\/diarioregionaldigital.com.br\/index.php?rest_route=%2Fwp%2Fv2%2Fcomments&post=133682"}],"version-history":[{"count":0,"href":"https:\/\/diarioregionaldigital.com.br\/index.php?rest_route=\/wp\/v2\/posts\/133682\/revisions"}],"wp:featuredmedia":[{"embeddable":true,"href":"https:\/\/diarioregionaldigital.com.br\/index.php?rest_route=\/wp\/v2\/media\/133684"}],"wp:attachment":[{"href":"https:\/\/diarioregionaldigital.com.br\/index.php?rest_route=%2Fwp%2Fv2%2Fmedia&parent=133682"}],"wp:term":[{"taxonomy":"category","embeddable":true,"href":"https:\/\/diarioregionaldigital.com.br\/index.php?rest_route=%2Fwp%2Fv2%2Fcategories&post=133682"},{"taxonomy":"post_tag","embeddable":true,"href":"https:\/\/diarioregionaldigital.com.br\/index.php?rest_route=%2Fwp%2Fv2%2Ftags&post=133682"}],"curies":[{"name":"wp","href":"https:\/\/api.w.org\/{rel}","templated":true}]}}