{"id":133675,"date":"2019-02-12T17:17:06","date_gmt":"2019-02-12T19:17:06","guid":{"rendered":"https:\/\/diarioregionaldigital.com.br\/?p=133675"},"modified":"2019-02-12T17:17:06","modified_gmt":"2019-02-12T19:17:06","slug":"texto-da-reforma-da-previdencia-esta-pronto-e-aguarda-bolsonaro","status":"publish","type":"post","link":"https:\/\/diarioregionaldigital.com.br\/?p=133675","title":{"rendered":"Texto da reforma da Previd\u00eancia est\u00e1 pronto e aguarda Bolsonaro"},"content":{"rendered":"<p>O texto-base da reforma da Previd\u00eancia foi conclu\u00eddo pela equipe de governo e agora aguarda a an\u00e1lise do presidente Jair Bolsonaro,\u00a0ainda internado\u00a0no Hospital Albert Einstein, em S\u00e3o Paulo. Segundo o secret\u00e1rio especial da Previd\u00eancia e Trabalho, Rog\u00e9rio Marinho, que esteve nesta ter\u00e7a-feira, 12, reunido com o ministro da Economia, Paulo Guedes, em Bras\u00edlia, o presidente dar\u00e1 a palavra final sobre o projeto que ser\u00e1 enviado \u00e0 C\u00e2mara dos Deputados.<\/p>\n<p>\u201cEvidente que existem pontos que ser\u00e3o levados \u00e0 presen\u00e7a do presidente para que ele possa tomar sua posi\u00e7\u00e3o, possa definir de que forma isso possa chegar \u00e0 C\u00e2mara Federal\u201d, disse Marinho.<\/p>\n<p>O secret\u00e1rio informou que o texto foi constru\u00eddo por diversas \u00e1reas do governo, al\u00e9m da contribui\u00e7\u00e3o de economistas e avalia\u00e7\u00e3o do projeto enviado pelo ex-presidente Michel Temer ao Congresso. Ele n\u00e3o antecipou nenhuma regra.<\/p>\n<p>Marinho disse que o texto final \u00e9 \u201cbem diferente\u201d da minuta do projeto que\u00a0vazou para a imprensa\u00a0na semana passada. Nessa minuta, o governo proporia idade m\u00ednima \u00fanica de 65 anos para homens e mulheres se aposentarem no Brasil. Al\u00e9m disso, a minuta de projeto ainda previa um m\u00ednimo de 20 anos de contribui\u00e7\u00e3o para o trabalhador receber 60% da aposentadoria chegando, de forma escalonada, at\u00e9 o limite de 40 anos, para o recebimento de 100%.<\/p>\n<p>Perguntado sobre quando o projeto ser\u00e1 apresentado \u00e0 sociedade, Marinho respondeu que isso vai ocorrer o mais rapidamente\u00a0poss\u00edvel. \u201cVamos aguardar que o presidente convales\u00e7a, que ele esteja em plena condi\u00e7\u00e3o de exerc\u00edcio do seu mandato, que eu espero que seja amanh\u00e3 ou quinta-feira, e, apresentado [o texto] ao presidente, ele vai definir o prazo\u201d, disse o secret\u00e1rio.<\/p>\n<h2>Militares<\/h2>\n<p>Sobre a inclus\u00e3o de militares na reforma, mais cedo o senador Major Ol\u00edmpio, l\u00edder do PSL, disse, ao deixar o Minist\u00e9rio da Economia, que os pr\u00f3prios militares apresentaram uma proposta para a Previd\u00eancia.<\/p>\n<p>\u201cOs pr\u00f3prios comandantes militares, o ministro da Defesa [general Fernando Azevedo] t\u00eam se debru\u00e7ado sobre isso. Os militares que est\u00e3o fazendo propostas. Tudo vai cair aqui dentro da \u00e1rea t\u00e9cnica, da \u00e1rea econ\u00f4mica. Os militares, que s\u00e3o sempre solu\u00e7\u00e3o para o nosso pa\u00eds, n\u00e3o s\u00e3o problema, tamb\u00e9m est\u00e3o fazendo suas propostas. Vamos ver a viabilidade dessas propostas\u201d, disse.<\/p>\n<p>O senador tamb\u00e9m esteve reunido com Guedes, no minist\u00e9rio.<\/p>\n<p>&nbsp;<\/p>\n<p>Fonte: Ag\u00eancia Brasil<\/p>\n","protected":false},"excerpt":{"rendered":"<p>O texto-base da reforma da Previd\u00eancia foi conclu\u00eddo pela equipe de governo e agora aguarda a an\u00e1lise do presidente Jair Bolsonaro,\u00a0ainda internado\u00a0no Hospital Albert Einstein, em S\u00e3o Paulo. Segundo o secret\u00e1rio especial da Previd\u00eancia e Trabalho, Rog\u00e9rio Marinho, que esteve nesta ter\u00e7a-feira, 12, reunido com o ministro da Economia, Paulo Guedes, em Bras\u00edlia, o presidente [&hellip;]<\/p>\n","protected":false},"author":96,"featured_media":132942,"comment_status":"closed","ping_status":"closed","sticky":false,"template":"","format":"standard","meta":{"footnotes":""},"categories":[436,262,254,439],"tags":[],"class_list":["post-133675","post","type-post","status-publish","format-standard","has-post-thumbnail","hentry","category-destaque-da-semana","category-noticias","category-politica","category-ultima-hora"],"_links":{"self":[{"href":"https:\/\/diarioregionaldigital.com.br\/index.php?rest_route=\/wp\/v2\/posts\/133675","targetHints":{"allow":["GET"]}}],"collection":[{"href":"https:\/\/diarioregionaldigital.com.br\/index.php?rest_route=\/wp\/v2\/posts"}],"about":[{"href":"https:\/\/diarioregionaldigital.com.br\/index.php?rest_route=\/wp\/v2\/types\/post"}],"author":[{"embeddable":true,"href":"https:\/\/diarioregionaldigital.com.br\/index.php?rest_route=\/wp\/v2\/users\/96"}],"replies":[{"embeddable":true,"href":"https:\/\/diarioregionaldigital.com.br\/index.php?rest_route=%2Fwp%2Fv2%2Fcomments&post=133675"}],"version-history":[{"count":0,"href":"https:\/\/diarioregionaldigital.com.br\/index.php?rest_route=\/wp\/v2\/posts\/133675\/revisions"}],"wp:featuredmedia":[{"embeddable":true,"href":"https:\/\/diarioregionaldigital.com.br\/index.php?rest_route=\/wp\/v2\/media\/132942"}],"wp:attachment":[{"href":"https:\/\/diarioregionaldigital.com.br\/index.php?rest_route=%2Fwp%2Fv2%2Fmedia&parent=133675"}],"wp:term":[{"taxonomy":"category","embeddable":true,"href":"https:\/\/diarioregionaldigital.com.br\/index.php?rest_route=%2Fwp%2Fv2%2Fcategories&post=133675"},{"taxonomy":"post_tag","embeddable":true,"href":"https:\/\/diarioregionaldigital.com.br\/index.php?rest_route=%2Fwp%2Fv2%2Ftags&post=133675"}],"curies":[{"name":"wp","href":"https:\/\/api.w.org\/{rel}","templated":true}]}}