{"id":133669,"date":"2019-02-12T17:09:49","date_gmt":"2019-02-12T19:09:49","guid":{"rendered":"https:\/\/diarioregionaldigital.com.br\/?p=133669"},"modified":"2019-02-12T17:09:49","modified_gmt":"2019-02-12T19:09:49","slug":"governo-vai-manter-liberacao-de-fgts-para-vitimas-de-brumadinho","status":"publish","type":"post","link":"https:\/\/diarioregionaldigital.com.br\/?p=133669","title":{"rendered":"Governo vai manter libera\u00e7\u00e3o de FGTS para v\u00edtimas de Brumadinho"},"content":{"rendered":"<p>O governo vai manter a libera\u00e7\u00e3o de saques\u00a0do Fundo de Garantia do Tempo de Servi\u00e7o (FGTS) para as v\u00edtimas de Brumadinho (MG).\u00a0A informa\u00e7\u00e3o foi confirmada\u00a0hoje nesta ter\u00e7a-feira, 12, pela Advocacia-Geral da Uni\u00e3o (AGU). O\u00a0governo deve editar nos pr\u00f3ximos dias medida provis\u00f3ria (MP) para alterar a lei sobre a utiliza\u00e7\u00e3o de recursos do fundo.<\/p>\n<p>Atualmente, a Lei 8.036\/1990, que trata do FGTS, permite que os benefici\u00e1rios movimentem suas contas em caso de \u201cnecessidade pessoal, cuja urg\u00eancia e gravidade decorra de desastre natural\u201d. Desde o rompimento da barragem da Samarco, em Mariana, Minas Gerais, em 2015, esse tipo de acidente passou a ser equiparado a desastre natural para que as v\u00edtimas pudessem movimentar esses recursos.<\/p>\n<p>O ministro-chefe da Casa Civil,\u00a0Onyx Lorenzoni, disse nesta\u00a0segunda-feira, 11, que sua equipe j\u00e1 analisava o assunto. Integrantes do governo defendem que a mineradora Vale, respons\u00e1vel pela barragem, arque exclusivamente com todos os custos evitando que o cidad\u00e3o use recursos acumulados ao longo dos anos para se restabelecerem.<\/p>\n<p>Tr\u00eas dias depois do desastre, ocorrido em\u00a025 de janeiro\u00a0e considerado como a pior trag\u00e9dia humana da hist\u00f3ria recente, a Caixa Econ\u00f4mica Federal anunciou a libera\u00e7\u00e3o de saques do FGTS para trabalhadores que tiveram suas casas afetadas. A institui\u00e7\u00e3o financeira adotou a medida com base na Lei Federal 10.878\/2004 limitando as retiradas a R$ 6.220.<\/p>\n<p>&nbsp;<\/p>\n<p>Fonte: Ag\u00eancia Brasil<\/p>\n","protected":false},"excerpt":{"rendered":"<p>O governo vai manter a libera\u00e7\u00e3o de saques\u00a0do Fundo de Garantia do Tempo de Servi\u00e7o (FGTS) para as v\u00edtimas de Brumadinho (MG).\u00a0A informa\u00e7\u00e3o foi confirmada\u00a0hoje nesta ter\u00e7a-feira, 12, pela Advocacia-Geral da Uni\u00e3o (AGU). O\u00a0governo deve editar nos pr\u00f3ximos dias medida provis\u00f3ria (MP) para alterar a lei sobre a utiliza\u00e7\u00e3o de recursos do fundo. Atualmente, a [&hellip;]<\/p>\n","protected":false},"author":96,"featured_media":133111,"comment_status":"closed","ping_status":"closed","sticky":false,"template":"","format":"standard","meta":{"footnotes":""},"categories":[302,436,262,439],"tags":[],"class_list":["post-133669","post","type-post","status-publish","format-standard","has-post-thumbnail","hentry","category-brasil-mundo","category-destaque-da-semana","category-noticias","category-ultima-hora"],"_links":{"self":[{"href":"https:\/\/diarioregionaldigital.com.br\/index.php?rest_route=\/wp\/v2\/posts\/133669","targetHints":{"allow":["GET"]}}],"collection":[{"href":"https:\/\/diarioregionaldigital.com.br\/index.php?rest_route=\/wp\/v2\/posts"}],"about":[{"href":"https:\/\/diarioregionaldigital.com.br\/index.php?rest_route=\/wp\/v2\/types\/post"}],"author":[{"embeddable":true,"href":"https:\/\/diarioregionaldigital.com.br\/index.php?rest_route=\/wp\/v2\/users\/96"}],"replies":[{"embeddable":true,"href":"https:\/\/diarioregionaldigital.com.br\/index.php?rest_route=%2Fwp%2Fv2%2Fcomments&post=133669"}],"version-history":[{"count":0,"href":"https:\/\/diarioregionaldigital.com.br\/index.php?rest_route=\/wp\/v2\/posts\/133669\/revisions"}],"wp:featuredmedia":[{"embeddable":true,"href":"https:\/\/diarioregionaldigital.com.br\/index.php?rest_route=\/wp\/v2\/media\/133111"}],"wp:attachment":[{"href":"https:\/\/diarioregionaldigital.com.br\/index.php?rest_route=%2Fwp%2Fv2%2Fmedia&parent=133669"}],"wp:term":[{"taxonomy":"category","embeddable":true,"href":"https:\/\/diarioregionaldigital.com.br\/index.php?rest_route=%2Fwp%2Fv2%2Fcategories&post=133669"},{"taxonomy":"post_tag","embeddable":true,"href":"https:\/\/diarioregionaldigital.com.br\/index.php?rest_route=%2Fwp%2Fv2%2Ftags&post=133669"}],"curies":[{"name":"wp","href":"https:\/\/api.w.org\/{rel}","templated":true}]}}