{"id":133661,"date":"2019-02-12T17:59:14","date_gmt":"2019-02-12T19:59:14","guid":{"rendered":"https:\/\/diarioregionaldigital.com.br\/?p=133661"},"modified":"2019-02-12T21:51:34","modified_gmt":"2019-02-12T23:51:34","slug":"prazo-para-pagamento-do-iptu-com-desconto-de-5-termina-no-dia-20","status":"publish","type":"post","link":"https:\/\/diarioregionaldigital.com.br\/?p=133661","title":{"rendered":"Prazo para pagamento do IPTU com desconto de 5% termina no dia 20"},"content":{"rendered":"<p>Na pr\u00f3xima quarta-feira, 20, termina o prazo para pagamento \u00e0 vista do IPTU &#8211; Imposto Predial e Territorial Urbano, com 5% de desconto. Os contribuintes que n\u00e3o receberam o carn\u00ea pelos Correios podem emiti-lo no site da <a href=\"http:\/\/pjf.mg.gov.br\">Prefeitura de Juiz de Fora (PJF)<\/a> ou retir\u00e1-lo no Espa\u00e7o Cidad\u00e3o JF e centros regionais.<\/p>\n<p>O desconto \u00e9 oferecido excepcionalmente aos contribuintes que n\u00e3o tenham d\u00e9bitos relacionados \u00e0 inscri\u00e7\u00e3o do im\u00f3vel. Quem optar pelo parcelamento pode pagar o imposto em dez vezes, com o vencimento da primeira parcela em 10 de mar\u00e7o, e as demais, no dia 10 dos meses subsequentes, at\u00e9 dezembro.<\/p>\n<p>Na primeira etapa do pagamento do IPTU 2019, a PJF arrecadou a quantia de R$81.625.387,76. No total, foram emitidos 77.832 boletos para pagamento \u00e0 vista com 10% de desconto.<\/p>\n<p>No ano passado, no mesmo per\u00edodo contabilizado para pagamento do IPTU, foram arrecadados R$78 milh\u00f5es. Para este ano, a expectativa da PJF era de arrecadar, com o desconto estabelecido, R$80 milh\u00f5es.<\/p>\n<p>Quem n\u00e3o recebeu o carn\u00ea pelos Correios e n\u00e3o puder acessar o documento via internet pode procurar o Espa\u00e7o Cidad\u00e3o JF\/Centro e as regionais:<\/p>\n<p>&#8211; Espa\u00e7o Cidad\u00e3o JF: Avenida Bar\u00e3o do Rio Branco, 2.234 &#8211; Centro, ao lado do Parque Halfeld;<\/p>\n<p>&#8211; Centro Regional Sul: Rua Porto das Flores, 270 &#8211; Bairro Santa Luzia;<\/p>\n<p>&#8211; Centro Regional Norte: Rua In\u00eas Garcia, 357 &#8211; Benfica;<\/p>\n<p>&#8211; Centro Regional Oeste: Rua Orestes Fabiano Alves, 65 &#8211; S\u00e3o Pedro;<\/p>\n<p>&#8211; Centro Regional Nordeste: Rua Santa Terezinha, 172 &#8211; Santa Terezinha.<\/p>\n<p>&nbsp;<\/p>\n","protected":false},"excerpt":{"rendered":"<p>Na pr\u00f3xima quarta-feira, 20, termina o prazo para pagamento \u00e0 vista do IPTU &#8211; Imposto Predial e Territorial Urbano, com 5% de desconto. Os contribuintes que n\u00e3o receberam o carn\u00ea pelos Correios podem emiti-lo no site da Prefeitura de Juiz de Fora (PJF) ou retir\u00e1-lo no Espa\u00e7o Cidad\u00e3o JF e centros regionais. O desconto \u00e9 [&hellip;]<\/p>\n","protected":false},"author":96,"featured_media":133717,"comment_status":"closed","ping_status":"closed","sticky":false,"template":"","format":"standard","meta":{"footnotes":""},"categories":[253,436,440,439],"tags":[],"class_list":["post-133661","post","type-post","status-publish","format-standard","has-post-thumbnail","hentry","category-cidade","category-destaque-da-semana","category-destaques-do-dia","category-ultima-hora"],"_links":{"self":[{"href":"https:\/\/diarioregionaldigital.com.br\/index.php?rest_route=\/wp\/v2\/posts\/133661","targetHints":{"allow":["GET"]}}],"collection":[{"href":"https:\/\/diarioregionaldigital.com.br\/index.php?rest_route=\/wp\/v2\/posts"}],"about":[{"href":"https:\/\/diarioregionaldigital.com.br\/index.php?rest_route=\/wp\/v2\/types\/post"}],"author":[{"embeddable":true,"href":"https:\/\/diarioregionaldigital.com.br\/index.php?rest_route=\/wp\/v2\/users\/96"}],"replies":[{"embeddable":true,"href":"https:\/\/diarioregionaldigital.com.br\/index.php?rest_route=%2Fwp%2Fv2%2Fcomments&post=133661"}],"version-history":[{"count":0,"href":"https:\/\/diarioregionaldigital.com.br\/index.php?rest_route=\/wp\/v2\/posts\/133661\/revisions"}],"wp:featuredmedia":[{"embeddable":true,"href":"https:\/\/diarioregionaldigital.com.br\/index.php?rest_route=\/wp\/v2\/media\/133717"}],"wp:attachment":[{"href":"https:\/\/diarioregionaldigital.com.br\/index.php?rest_route=%2Fwp%2Fv2%2Fmedia&parent=133661"}],"wp:term":[{"taxonomy":"category","embeddable":true,"href":"https:\/\/diarioregionaldigital.com.br\/index.php?rest_route=%2Fwp%2Fv2%2Fcategories&post=133661"},{"taxonomy":"post_tag","embeddable":true,"href":"https:\/\/diarioregionaldigital.com.br\/index.php?rest_route=%2Fwp%2Fv2%2Ftags&post=133661"}],"curies":[{"name":"wp","href":"https:\/\/api.w.org\/{rel}","templated":true}]}}