{"id":133658,"date":"2019-02-12T14:55:37","date_gmt":"2019-02-12T16:55:37","guid":{"rendered":"https:\/\/diarioregionaldigital.com.br\/?p=133658"},"modified":"2019-02-12T14:55:37","modified_gmt":"2019-02-12T16:55:37","slug":"prefeitura-e-senai-abrem-inscricoes-para-curso-de-costura-industrial","status":"publish","type":"post","link":"https:\/\/diarioregionaldigital.com.br\/?p=133658","title":{"rendered":"Prefeitura e Senai abrem inscri\u00e7\u00f5es para curso de costura industrial"},"content":{"rendered":"<p>Na sexta-feira, 15, come\u00e7ar\u00e1 o per\u00edodo de inscri\u00e7\u00f5es para pr\u00e9-matr\u00edcula no curso \u201cCostureiro Industrial do Vestu\u00e1rio&#8221;. A iniciativa \u00e9 uma parceria da Secretaria de Desenvolvimento Social (SDS) com o Servi\u00e7o Nacional de Aprendizagem Industrial (Senai).<\/p>\n<p>As aulas come\u00e7am em 11 de mar\u00e7o, no Senai Barreira do Triunfo, localizado na Rodovia BR-040, km 773 (p\u00e1tio da empresa Mercedes-Benz), de segunda a quinta-feira, das 8 \u00e0s 12 horas. O t\u00e9rmino est\u00e1 previsto para 17 de junho. Est\u00e3o sendo ofertadas 24 vagas. Para participa\u00e7\u00e3o \u00e9 necess\u00e1rio ensino fundamental 1 completo (5\u00ba ano\/ 4\u00aa s\u00e9rie) e ter, no m\u00ednimo, 16 anos. As inscri\u00e7\u00f5es ser\u00e3o divididas da seguinte maneira:<\/p>\n<p>-15\/02: Pessoas benefici\u00e1rias do Programa Bolsa Fam\u00edlia e Benef\u00edcio de Presta\u00e7\u00e3o Continuada (BPC).<\/p>\n<p>-18 e 19\/02: Pessoas com renda familiar mensal de at\u00e9 tr\u00eas sal\u00e1rios-m\u00ednimos ou meio sal\u00e1rio-m\u00ednimo per capita \u2013 (perfil Cad\u00danico).<\/p>\n<p>Os registros ser\u00e3o realizados no quinto andar da SDS, localizada na Rua Halfeld, 450, Centro, das 8h30 \u00e0s 11 horas e das 14 horas \u00e0s 17h30. Os documentos necess\u00e1rios s\u00e3o: identidade; CPF; comprovante de resid\u00eancia; comprovante de escolaridade e cart\u00e3o Bolsa Fam\u00edlia ou BPC, se for o caso. Menores de 18 anos dever\u00e3o estar acompanhados do respons\u00e1vel (este deve portar RG e CPF).<\/p>\n<p>&nbsp;<\/p>\n<p>Fonte: PJF<\/p>\n","protected":false},"excerpt":{"rendered":"<p>Na sexta-feira, 15, come\u00e7ar\u00e1 o per\u00edodo de inscri\u00e7\u00f5es para pr\u00e9-matr\u00edcula no curso \u201cCostureiro Industrial do Vestu\u00e1rio&#8221;. A iniciativa \u00e9 uma parceria da Secretaria de Desenvolvimento Social (SDS) com o Servi\u00e7o Nacional de Aprendizagem Industrial (Senai). As aulas come\u00e7am em 11 de mar\u00e7o, no Senai Barreira do Triunfo, localizado na Rodovia BR-040, km 773 (p\u00e1tio da [&hellip;]<\/p>\n","protected":false},"author":96,"featured_media":133659,"comment_status":"closed","ping_status":"closed","sticky":false,"template":"","format":"standard","meta":{"footnotes":""},"categories":[253,436,262,439],"tags":[],"class_list":["post-133658","post","type-post","status-publish","format-standard","has-post-thumbnail","hentry","category-cidade","category-destaque-da-semana","category-noticias","category-ultima-hora"],"_links":{"self":[{"href":"https:\/\/diarioregionaldigital.com.br\/index.php?rest_route=\/wp\/v2\/posts\/133658","targetHints":{"allow":["GET"]}}],"collection":[{"href":"https:\/\/diarioregionaldigital.com.br\/index.php?rest_route=\/wp\/v2\/posts"}],"about":[{"href":"https:\/\/diarioregionaldigital.com.br\/index.php?rest_route=\/wp\/v2\/types\/post"}],"author":[{"embeddable":true,"href":"https:\/\/diarioregionaldigital.com.br\/index.php?rest_route=\/wp\/v2\/users\/96"}],"replies":[{"embeddable":true,"href":"https:\/\/diarioregionaldigital.com.br\/index.php?rest_route=%2Fwp%2Fv2%2Fcomments&post=133658"}],"version-history":[{"count":0,"href":"https:\/\/diarioregionaldigital.com.br\/index.php?rest_route=\/wp\/v2\/posts\/133658\/revisions"}],"wp:featuredmedia":[{"embeddable":true,"href":"https:\/\/diarioregionaldigital.com.br\/index.php?rest_route=\/wp\/v2\/media\/133659"}],"wp:attachment":[{"href":"https:\/\/diarioregionaldigital.com.br\/index.php?rest_route=%2Fwp%2Fv2%2Fmedia&parent=133658"}],"wp:term":[{"taxonomy":"category","embeddable":true,"href":"https:\/\/diarioregionaldigital.com.br\/index.php?rest_route=%2Fwp%2Fv2%2Fcategories&post=133658"},{"taxonomy":"post_tag","embeddable":true,"href":"https:\/\/diarioregionaldigital.com.br\/index.php?rest_route=%2Fwp%2Fv2%2Ftags&post=133658"}],"curies":[{"name":"wp","href":"https:\/\/api.w.org\/{rel}","templated":true}]}}