{"id":133652,"date":"2019-02-12T14:44:02","date_gmt":"2019-02-12T16:44:02","guid":{"rendered":"https:\/\/diarioregionaldigital.com.br\/?p=133652"},"modified":"2019-02-12T18:19:13","modified_gmt":"2019-02-12T20:19:13","slug":"corpo-de-boechat-deixa-museu-da-imagem-e-do-som-sob-aplausos","status":"publish","type":"post","link":"https:\/\/diarioregionaldigital.com.br\/?p=133652","title":{"rendered":"Corpo de Boechat deixa Museu da Imagem e do Som sob aplausos"},"content":{"rendered":"<p>Sob aplausos da multid\u00e3o, o corpo do jornalista Ricardo Boechat deixou \u00e0s 14h05 o Museu da Imagem e do Som (MIS), zona oeste da capital paulista, onde estava sendo\u00a0velado desde a noite dessa segunda-feira, 11. Uma longa fila de conhecidos, ex-colegas, telespectadores e ouvintes veio prestar as \u00faltimas homenagens ao \u00e2ncora e comentarista.<\/p>\n<p>Sobre o caix\u00e3o foram colocados dois letreiros luminosos usados por t\u00e1xis, categoria que tinha grande simpatia pelo jornalista, pelo contato direto ou pelos coment\u00e1rios na r\u00e1dio e TV. Um grupo de taxistas chegou a fazer uma pequena carreata com buzina\u00e7o em frente ao museu.<\/p>\n<p>Diversas autoridades estiveram presentes no vel\u00f3rio. O ministro do Gabinete de Seguran\u00e7a Institucional,\u00a0Augusto Heleno, compareceu representando o presidente Jair Bolsonaro, que est\u00e1 internado.<\/p>\n<p>O prefeito de S\u00e3o Paulo, Bruno Covas, disse que pretende discutir com a fam\u00edlia um espa\u00e7o para que seja feita uma\u00a0homenagem ao jornalista. \u201cVamos buscar um espa\u00e7o para homenage\u00e1-lo na cidade de S\u00e3o Paulo. Para que ele seja eternizado, para mostrar o exemplo que ele era para as futuras gera\u00e7\u00f5es\u201d, disse Covas<\/p>\n<p>Tamb\u00e9m vieram personalidades da comunica\u00e7\u00e3o, como o apresentador Serginho Groisman e o colunista social Amaury Jr.<\/p>\n<p>Ainda emocionada, a vi\u00fava do jornalista, Veruska Seibel Boechat, lembrou os \u00faltimos momentos na companhia do marido. \u201cEle saiu bem, estava feliz. A gente passou um fim de semana com todos os seis filhos dele, o que \u00e9 uma coisa rara, s\u00e3o muitos. Os quatro adultos moram no Rio, as nossas filhas moram aqui\u201d, disse.<\/p>\n<p>O corpo de Boechat ser\u00e1 cremado em Itapecerica da Serra, na Grande S\u00e3o Paulo, em uma\u00a0cerim\u00f4nia reservada para a fam\u00edlia. Ele tinha 66 anos e deixou cinco filhas e um filho. Atualmente, era apresentador do Jornal da Band e da r\u00e1dio BandNews FM e tinha uma coluna semanal na revista ISTO\u00c9.<\/p>\n<p>&nbsp;<\/p>\n<p>Fonte: Ag\u00eancia Brasil<\/p>\n","protected":false},"excerpt":{"rendered":"<p>Sob aplausos da multid\u00e3o, o corpo do jornalista Ricardo Boechat deixou \u00e0s 14h05 o Museu da Imagem e do Som (MIS), zona oeste da capital paulista, onde estava sendo\u00a0velado desde a noite dessa segunda-feira, 11. Uma longa fila de conhecidos, ex-colegas, telespectadores e ouvintes veio prestar as \u00faltimas homenagens ao \u00e2ncora e comentarista. Sobre o [&hellip;]<\/p>\n","protected":false},"author":96,"featured_media":133653,"comment_status":"closed","ping_status":"closed","sticky":false,"template":"","format":"standard","meta":{"footnotes":""},"categories":[302,436,262,439],"tags":[],"class_list":["post-133652","post","type-post","status-publish","format-standard","has-post-thumbnail","hentry","category-brasil-mundo","category-destaque-da-semana","category-noticias","category-ultima-hora"],"_links":{"self":[{"href":"https:\/\/diarioregionaldigital.com.br\/index.php?rest_route=\/wp\/v2\/posts\/133652","targetHints":{"allow":["GET"]}}],"collection":[{"href":"https:\/\/diarioregionaldigital.com.br\/index.php?rest_route=\/wp\/v2\/posts"}],"about":[{"href":"https:\/\/diarioregionaldigital.com.br\/index.php?rest_route=\/wp\/v2\/types\/post"}],"author":[{"embeddable":true,"href":"https:\/\/diarioregionaldigital.com.br\/index.php?rest_route=\/wp\/v2\/users\/96"}],"replies":[{"embeddable":true,"href":"https:\/\/diarioregionaldigital.com.br\/index.php?rest_route=%2Fwp%2Fv2%2Fcomments&post=133652"}],"version-history":[{"count":0,"href":"https:\/\/diarioregionaldigital.com.br\/index.php?rest_route=\/wp\/v2\/posts\/133652\/revisions"}],"wp:featuredmedia":[{"embeddable":true,"href":"https:\/\/diarioregionaldigital.com.br\/index.php?rest_route=\/wp\/v2\/media\/133653"}],"wp:attachment":[{"href":"https:\/\/diarioregionaldigital.com.br\/index.php?rest_route=%2Fwp%2Fv2%2Fmedia&parent=133652"}],"wp:term":[{"taxonomy":"category","embeddable":true,"href":"https:\/\/diarioregionaldigital.com.br\/index.php?rest_route=%2Fwp%2Fv2%2Fcategories&post=133652"},{"taxonomy":"post_tag","embeddable":true,"href":"https:\/\/diarioregionaldigital.com.br\/index.php?rest_route=%2Fwp%2Fv2%2Ftags&post=133652"}],"curies":[{"name":"wp","href":"https:\/\/api.w.org\/{rel}","templated":true}]}}