{"id":133644,"date":"2019-02-11T23:40:22","date_gmt":"2019-02-12T01:40:22","guid":{"rendered":"https:\/\/diarioregionaldigital.com.br\/?p=133644"},"modified":"2019-02-11T23:40:22","modified_gmt":"2019-02-12T01:40:22","slug":"aula-de-yoga-leva-dezenas-de-pessoas-ao-parque-do-museu-mariano-procopio","status":"publish","type":"post","link":"https:\/\/diarioregionaldigital.com.br\/?p=133644","title":{"rendered":"Aula de yoga leva dezenas de pessoas ao parque do Museu Mariano Proc\u00f3pio"},"content":{"rendered":"<p>A aula de yoga promovida pela professora Mariana Mendes no parque do Museu Mariano Proc\u00f3pio reuniu mais de 60 pessoas no jardim sim\u00e9trico, no domingo, 10. A iniciativa, aberta ao p\u00fablico, possibilitou que pessoas que j\u00e1 praticam a atividade pudessem interagir e aproveitar o ambiente.<\/p>\n<p>Mariana promover\u00e1 outras edi\u00e7\u00f5es, com encontros mensais. A pr\u00f3xima aula deve acontecer no segundo domingo de mar\u00e7o. O parque da institui\u00e7\u00e3o recebe semanalmente milhares de pessoas que utilizam o espa\u00e7o para a pr\u00e1tica de atividades f\u00edsicas leves.<\/p>\n<p>Para os interessados em promover esse tipo de encontro, como aulas abertas ao p\u00fablico, \u00e9 necess\u00e1rio o contato com a institui\u00e7\u00e3o, atrav\u00e9s do telefone 3690-2027, pelo e-mail: maprocultural@pjf.mg.gov.br ou pelo portal de servi\u00e7os da Prefeitura de Juiz de Fora:\u00a0<a href=\"https:\/\/www.pjf.mg.gov.br\/\">www.pjf.mg.gov.br<\/a>.<\/p>\n<p><strong>Fonte: Assessoria\/SEL<\/strong><\/p>\n","protected":false},"excerpt":{"rendered":"<p>A aula de yoga promovida pela professora Mariana Mendes no parque do Museu Mariano Proc\u00f3pio reuniu mais de 60 pessoas no jardim sim\u00e9trico, no domingo, 10. A iniciativa, aberta ao p\u00fablico, possibilitou que pessoas que j\u00e1 praticam a atividade pudessem interagir e aproveitar o ambiente. Mariana promover\u00e1 outras edi\u00e7\u00f5es, com encontros mensais. A pr\u00f3xima aula [&hellip;]<\/p>\n","protected":false},"author":96,"featured_media":133645,"comment_status":"closed","ping_status":"closed","sticky":false,"template":"","format":"standard","meta":{"footnotes":""},"categories":[257,439],"tags":[],"class_list":["post-133644","post","type-post","status-publish","format-standard","has-post-thumbnail","hentry","category-esporte","category-ultima-hora"],"_links":{"self":[{"href":"https:\/\/diarioregionaldigital.com.br\/index.php?rest_route=\/wp\/v2\/posts\/133644","targetHints":{"allow":["GET"]}}],"collection":[{"href":"https:\/\/diarioregionaldigital.com.br\/index.php?rest_route=\/wp\/v2\/posts"}],"about":[{"href":"https:\/\/diarioregionaldigital.com.br\/index.php?rest_route=\/wp\/v2\/types\/post"}],"author":[{"embeddable":true,"href":"https:\/\/diarioregionaldigital.com.br\/index.php?rest_route=\/wp\/v2\/users\/96"}],"replies":[{"embeddable":true,"href":"https:\/\/diarioregionaldigital.com.br\/index.php?rest_route=%2Fwp%2Fv2%2Fcomments&post=133644"}],"version-history":[{"count":0,"href":"https:\/\/diarioregionaldigital.com.br\/index.php?rest_route=\/wp\/v2\/posts\/133644\/revisions"}],"wp:featuredmedia":[{"embeddable":true,"href":"https:\/\/diarioregionaldigital.com.br\/index.php?rest_route=\/wp\/v2\/media\/133645"}],"wp:attachment":[{"href":"https:\/\/diarioregionaldigital.com.br\/index.php?rest_route=%2Fwp%2Fv2%2Fmedia&parent=133644"}],"wp:term":[{"taxonomy":"category","embeddable":true,"href":"https:\/\/diarioregionaldigital.com.br\/index.php?rest_route=%2Fwp%2Fv2%2Fcategories&post=133644"},{"taxonomy":"post_tag","embeddable":true,"href":"https:\/\/diarioregionaldigital.com.br\/index.php?rest_route=%2Fwp%2Fv2%2Ftags&post=133644"}],"curies":[{"name":"wp","href":"https:\/\/api.w.org\/{rel}","templated":true}]}}