{"id":133635,"date":"2019-02-11T23:35:02","date_gmt":"2019-02-12T01:35:02","guid":{"rendered":"https:\/\/diarioregionaldigital.com.br\/?p=133635"},"modified":"2019-02-11T23:35:02","modified_gmt":"2019-02-12T01:35:02","slug":"superliga-b-lavras-volei-vence-o-jf-volei-pela-terceira-rodada","status":"publish","type":"post","link":"https:\/\/diarioregionaldigital.com.br\/?p=133635","title":{"rendered":"Superliga B: Lavras V\u00f4lei vence o JF V\u00f4lei pela terceira rodada"},"content":{"rendered":"<p>O JF V\u00f4lei n\u00e3o foi p\u00e1reo para o Lavras na estreia da equipe em casa na Superliga Masculina B de 2019. O time da Zona da Mata perdeu de virada por 3 sets a 1, parciais 25\/23, 13\/25, 26\/28 e 17\/25, no gin\u00e1sio da UFJF, na noite de s\u00e1bado.<\/p>\n<p>Com o resultado, o time de Juiz de Fora segue sem vencer ap\u00f3s tr\u00eas jogos na competi\u00e7\u00e3o e volta \u00e0 quadra no pr\u00f3ximo s\u00e1bado, \u00e0s 19h, contra S\u00e3o Jos\u00e9, em S\u00e3o Paulo. Lavras recebe Canoas na quinta-feira, \u00e0s 20h.<\/p>\n<p><strong>Confira a rela\u00e7\u00e3o de jogos:<\/strong><br \/>\nAn\u00e1polis 3 x 2 JF V\u00f4lei \u2013 26\/01, \u00e0s 17h, em An\u00e1polis<br \/>\nBlumenau 3 x 0 JF V\u00f4lei \u2013 02\/02, \u00e0s 19h, em Blumenau<br \/>\nJF V\u00f4lei 1 x 3 Lavras \u2013 09\/02, \u00e0s 18h, em Juiz de Fora<br \/>\nS\u00e3o Jos\u00e9 x JF V\u00f4lei \u2013 16\/02, \u00e0s 19h, em S\u00e3o Jos\u00e9 dos Campos<br \/>\nJF V\u00f4lei x Botafogo \u2013 23\/02, \u00e0s 18h, em Juiz de Fora<br \/>\nCanoas x JF V\u00f4lei \u2013 27\/02, \u00e0s 18h, em Canoas<br \/>\nJF V\u00f4lei x Bras\u00edlia \u2013 09\/03, \u00e0s 18h, em Juiz de Fora<\/p>\n<p>&nbsp;<\/p>\n<p>Fonte: Assessoria<\/p>\n","protected":false},"excerpt":{"rendered":"<p>O JF V\u00f4lei n\u00e3o foi p\u00e1reo para o Lavras na estreia da equipe em casa na Superliga Masculina B de 2019. O time da Zona da Mata perdeu de virada por 3 sets a 1, parciais 25\/23, 13\/25, 26\/28 e 17\/25, no gin\u00e1sio da UFJF, na noite de s\u00e1bado. Com o resultado, o time de [&hellip;]<\/p>\n","protected":false},"author":96,"featured_media":133636,"comment_status":"closed","ping_status":"closed","sticky":false,"template":"","format":"standard","meta":{"footnotes":""},"categories":[257,439],"tags":[],"class_list":["post-133635","post","type-post","status-publish","format-standard","has-post-thumbnail","hentry","category-esporte","category-ultima-hora"],"_links":{"self":[{"href":"https:\/\/diarioregionaldigital.com.br\/index.php?rest_route=\/wp\/v2\/posts\/133635","targetHints":{"allow":["GET"]}}],"collection":[{"href":"https:\/\/diarioregionaldigital.com.br\/index.php?rest_route=\/wp\/v2\/posts"}],"about":[{"href":"https:\/\/diarioregionaldigital.com.br\/index.php?rest_route=\/wp\/v2\/types\/post"}],"author":[{"embeddable":true,"href":"https:\/\/diarioregionaldigital.com.br\/index.php?rest_route=\/wp\/v2\/users\/96"}],"replies":[{"embeddable":true,"href":"https:\/\/diarioregionaldigital.com.br\/index.php?rest_route=%2Fwp%2Fv2%2Fcomments&post=133635"}],"version-history":[{"count":0,"href":"https:\/\/diarioregionaldigital.com.br\/index.php?rest_route=\/wp\/v2\/posts\/133635\/revisions"}],"wp:featuredmedia":[{"embeddable":true,"href":"https:\/\/diarioregionaldigital.com.br\/index.php?rest_route=\/wp\/v2\/media\/133636"}],"wp:attachment":[{"href":"https:\/\/diarioregionaldigital.com.br\/index.php?rest_route=%2Fwp%2Fv2%2Fmedia&parent=133635"}],"wp:term":[{"taxonomy":"category","embeddable":true,"href":"https:\/\/diarioregionaldigital.com.br\/index.php?rest_route=%2Fwp%2Fv2%2Fcategories&post=133635"},{"taxonomy":"post_tag","embeddable":true,"href":"https:\/\/diarioregionaldigital.com.br\/index.php?rest_route=%2Fwp%2Fv2%2Ftags&post=133635"}],"curies":[{"name":"wp","href":"https:\/\/api.w.org\/{rel}","templated":true}]}}