{"id":133624,"date":"2019-02-11T19:06:28","date_gmt":"2019-02-11T21:06:28","guid":{"rendered":"https:\/\/diarioregionaldigital.com.br\/?p=133624"},"modified":"2019-02-11T19:06:28","modified_gmt":"2019-02-11T21:06:28","slug":"abertura-do-atendimento-de-urgencia-e-emergencia-no-joao-penido-ainda-e-incerta","status":"publish","type":"post","link":"https:\/\/diarioregionaldigital.com.br\/?p=133624","title":{"rendered":"Abertura do atendimento de Urg\u00eancia e Emerg\u00eancia no Jo\u00e3o Penido ainda \u00e9 incerta"},"content":{"rendered":"<p>As portas do pronto atendimento de Urg\u00eancia e Emerg\u00eancia do Hospital Jo\u00e3o Penido, localizado no bairro Grama, zona Nordeste de Juiz de Fora, seguem fechadas. H\u00e1 pouco mais de quatro anos, em 10 de abril de 2014, os servi\u00e7os ambulatoriais foram suspensos e desde ent\u00e3o os moradores da localidade que precisam de atendimento m\u00e9dico precisam se deslocar para unidades de sa\u00fade em outros pontos da cidade.<\/p>\n<p>\u201cImagina uma pessoa que mora nessa regi\u00e3o, a partir das 17 horas que as Unidades B\u00e1sicas de Sa\u00fade (UBS), a atendimento prim\u00e1rio fecham. A pessoa passou mal nessa regi\u00e3o tem que buscar em Santa Luzia, S\u00e3o Pedro ou regional Leste, podendo chegar a andar, dependendo do lugar, a 20 quil\u00f4metros para conseguir atendimento\u201d, comenta o conselheiro tutelar e membro da comiss\u00e3o de moradores da regi\u00e3o Nordeste formada para acompanhar a situa\u00e7\u00e3o, Laurindo Rodrigues, que ressalta que o foco do Conselho Tutelar Leste, que responde pela regi\u00e3o, \u00e9 tratar do servi\u00e7o pensando nas crian\u00e7as residentes no bairro. \u201cNesse atendimento tinha cl\u00ednico geral e pediatra 24 horas que atendia a popula\u00e7\u00e3o e as crian\u00e7as ficaram sem esse atendimento\u201d, disse.<\/p>\n<p>O conselheiro relembra que o an\u00fancio da suspens\u00e3o dos atendimentos foi feito sob a justificativa da realiza\u00e7\u00e3o de uma obra para amplia\u00e7\u00e3o da CTI. \u201cSob o argumento dessa obra eles disseram que iriam usar o espa\u00e7o onde era atendida a popula\u00e7\u00e3o para montar um CTI improvisado ecom isso suspenderam o atendimento e deixou uma popula\u00e7\u00e3o de cerca de 60 mil habitantes sem o servi\u00e7o. A obra foi inaugurada no final de 2018, mas o atendimento n\u00e3o foi retomado\u201d, disse.Al\u00e9m de prestar atendimento aos juiz-foranos, a unidade hospitalar tamb\u00e9m \u00e9 refer\u00eancia para munic\u00edpios da microrregi\u00e3o de Juiz de Fora.<\/p>\n<div id=\"attachment_133626\" style=\"width: 609px\" class=\"wp-caption aligncenter\"><img loading=\"lazy\" decoding=\"async\" aria-describedby=\"caption-attachment-133626\" class=\" wp-image-133626\" src=\"https:\/\/diarioregionaldigital.com.br\/wp-content\/uploads\/2019\/02\/J\u00e9ssica-Pereira-arquivo-2-300x200.jpg\" alt=\"\" width=\"599\" height=\"399\" srcset=\"https:\/\/diarioregionaldigital.com.br\/wp-content\/uploads\/2019\/02\/J\u00e9ssica-Pereira-arquivo-2-300x200.jpg 300w, https:\/\/diarioregionaldigital.com.br\/wp-content\/uploads\/2019\/02\/J\u00e9ssica-Pereira-arquivo-2-768x512.jpg 768w, https:\/\/diarioregionaldigital.com.br\/wp-content\/uploads\/2019\/02\/J\u00e9ssica-Pereira-arquivo-2-1024x683.jpg 1024w, https:\/\/diarioregionaldigital.com.br\/wp-content\/uploads\/2019\/02\/J\u00e9ssica-Pereira-arquivo-2-360x240.jpg 360w\" sizes=\"auto, (max-width: 599px) 100vw, 599px\" \/><p id=\"caption-attachment-133626\" class=\"wp-caption-text\">Foto: Arquivo J\u00e9ssica Pereira<\/p><\/div>\n<p>Em outubro de 2017, a reabertura do setor foi tema de audi\u00eancia p\u00fablica na C\u00e2mara Municipal em que parlamentares disseram que iriam acompanhar as negocia\u00e7\u00f5es entre a Prefeitura, que deixou claro o desejo de retomar os atendimentos e a Funda\u00e7\u00e3o Hospitalar do Estado de Minas Gerais (Fhemig), respons\u00e1vel por administrar o hospital. As negocia\u00e7\u00f5es tiveram in\u00edcio ainda no final de 2017. A Prefeitura ofertou um incentivo, em dezembro daquele ano, para que fosse feita a reabertura das portas do pronto atendimento.\u201cA Prefeitura ofereceu um valor e o Hospital pediu outro. Foi um valor muito distante da proposta e infelizmente n\u00e3o teve jeito\u201d, disse Rodrigues. \u201cEra um espa\u00e7o muito bom, mas faz falta o atendimento de Urg\u00eancia e Emerg\u00eancia para a popula\u00e7\u00e3o\u201d, relata.<\/p>\n<p>Segundo Laurindo Rodrigues, o Conselho Tutelar enviou um of\u00edcio para a dire\u00e7\u00e3o do Hospital Jo\u00e3o Penido requisitando a volta do atendimento. Este mesmo documento foi encaminhado para a Secretaria de Sa\u00fade de Juiz de Fora.<\/p>\n<p>&nbsp;<\/p>\n<p><strong>POSICIONAMENTO<\/strong><\/p>\n<p>Em nota, a Funda\u00e7\u00e3o Hospitalar do Estado de Minas Gerais (Fhemig), respons\u00e1vel pela administra\u00e7\u00e3o do hospital, informou que o Hospital Regional Jo\u00e3o Penido (HRJP) est\u00e1 em pleno funcionamento dos servi\u00e7os que hoje s\u00e3o contratualizadoscom o munic\u00edpio, \u201cincluindo interna\u00e7\u00f5es adulto e infantil, cirurgias, ambulat\u00f3rio que realiza cerca de 2.500 consultas\/m\u00eas reguladas pelo munic\u00edpio, centro de reabilita\u00e7\u00e3o, maternidade 24h \u2013 que \u00e9 refer\u00eancia para gesta\u00e7\u00e3o de alto risco \u2013, laborat\u00f3rio, exames de imagem (ultrassom, raio x, ecocardiograma e tomografias), entre outros\u201d.<\/p>\n<p>Segundo a Funda\u00e7\u00e3o, \u201ca abertura de servi\u00e7o de porta generalista 24h demandaria uma estrutura de equipamentos, materiais e recursos humanos n\u00e3o dispon\u00edveis no momento. Existem limita\u00e7\u00f5es impostas pela Lei de Responsabilidade Fiscal, que impedem novas contrata\u00e7\u00f5es. Al\u00e9m disso, a proposta de repasse de recursos feita pela Prefeitura de Juiz de Fora foi considerada invi\u00e1vel pelo corpo t\u00e9cnico do hospital, diante dos servi\u00e7os que ser\u00e3o demandados\u201d.<\/p>\n<p>Ainda em nota, a Fhemig ressaltou que o munic\u00edpio de Juiz de Fora tem a gest\u00e3o plena do SUS, e que compete ao gestor municipal buscar meios para a organiza\u00e7\u00e3o da rede de Aten\u00e7\u00e3o B\u00e1sica e efetiva\u00e7\u00e3o dos servi\u00e7os de pleno atendimento \u00e0s urg\u00eancias e emerg\u00eancias. \u201cEntendemos a necessidade da popula\u00e7\u00e3o, que est\u00e1 carente desse tipo de atendimento, uma vez que a regi\u00e3o nordeste de Juiz de Fora n\u00e3o \u00e9 coberta por uma UPA (Unidade de Pronto Atendimento). Por isso, com intuito de colaborar, foi oferecido espa\u00e7o f\u00edsico do Hospital Regional Jo\u00e3o Penido para que a gest\u00e3o municipal implantasse o devido atendimento \u00e0 popula\u00e7\u00e3o, contanto que a presta\u00e7\u00e3o de servi\u00e7o fosse gerida pelo munic\u00edpio, com pessoal e estrutura pr\u00f3prios\u201d, finaliza.<\/p>\n","protected":false},"excerpt":{"rendered":"<p>As portas do pronto atendimento de Urg\u00eancia e Emerg\u00eancia do Hospital Jo\u00e3o Penido, localizado no bairro Grama, zona Nordeste de Juiz de Fora, seguem fechadas. H\u00e1 pouco mais de quatro anos, em 10 de abril de 2014, os servi\u00e7os ambulatoriais foram suspensos e desde ent\u00e3o os moradores da localidade que precisam de atendimento m\u00e9dico precisam [&hellip;]<\/p>\n","protected":false},"author":96,"featured_media":133625,"comment_status":"closed","ping_status":"closed","sticky":false,"template":"","format":"standard","meta":{"footnotes":""},"categories":[253,436,440,439],"tags":[],"class_list":["post-133624","post","type-post","status-publish","format-standard","has-post-thumbnail","hentry","category-cidade","category-destaque-da-semana","category-destaques-do-dia","category-ultima-hora"],"_links":{"self":[{"href":"https:\/\/diarioregionaldigital.com.br\/index.php?rest_route=\/wp\/v2\/posts\/133624","targetHints":{"allow":["GET"]}}],"collection":[{"href":"https:\/\/diarioregionaldigital.com.br\/index.php?rest_route=\/wp\/v2\/posts"}],"about":[{"href":"https:\/\/diarioregionaldigital.com.br\/index.php?rest_route=\/wp\/v2\/types\/post"}],"author":[{"embeddable":true,"href":"https:\/\/diarioregionaldigital.com.br\/index.php?rest_route=\/wp\/v2\/users\/96"}],"replies":[{"embeddable":true,"href":"https:\/\/diarioregionaldigital.com.br\/index.php?rest_route=%2Fwp%2Fv2%2Fcomments&post=133624"}],"version-history":[{"count":0,"href":"https:\/\/diarioregionaldigital.com.br\/index.php?rest_route=\/wp\/v2\/posts\/133624\/revisions"}],"wp:featuredmedia":[{"embeddable":true,"href":"https:\/\/diarioregionaldigital.com.br\/index.php?rest_route=\/wp\/v2\/media\/133625"}],"wp:attachment":[{"href":"https:\/\/diarioregionaldigital.com.br\/index.php?rest_route=%2Fwp%2Fv2%2Fmedia&parent=133624"}],"wp:term":[{"taxonomy":"category","embeddable":true,"href":"https:\/\/diarioregionaldigital.com.br\/index.php?rest_route=%2Fwp%2Fv2%2Fcategories&post=133624"},{"taxonomy":"post_tag","embeddable":true,"href":"https:\/\/diarioregionaldigital.com.br\/index.php?rest_route=%2Fwp%2Fv2%2Ftags&post=133624"}],"curies":[{"name":"wp","href":"https:\/\/api.w.org\/{rel}","templated":true}]}}