{"id":133623,"date":"2019-02-12T06:00:34","date_gmt":"2019-02-12T08:00:34","guid":{"rendered":"https:\/\/diarioregionaldigital.com.br\/?p=133623"},"modified":"2019-02-11T19:55:49","modified_gmt":"2019-02-11T21:55:49","slug":"clique-certo","status":"publish","type":"post","link":"https:\/\/diarioregionaldigital.com.br\/?p=133623","title":{"rendered":"Clique Certo"},"content":{"rendered":"<p style=\"text-align: center;\"><strong>Arte Pura<\/strong><\/p>\n<p style=\"text-align: center;\">Causando impacto visual a exposi\u00e7\u00e3o de Luiz Alberto Dilly \u201cOs rob\u00f4s invadem Vargas\u201d, no CCBM. Em cena cerca de 30 pe\u00e7as em ferro e material reciclado. Talentoso e carism\u00e1tico, ele se dedica \u00e0s artes pl\u00e1sticas desde os anos 90 e ficou conhecido com obras sobre o \u2018ET\u2019 de Varginha.<\/p>\n<p style=\"text-align: center;\"><strong>Inaugura\u00e7\u00e3o<\/strong><\/p>\n<p style=\"text-align: center;\">Com o tom musical do grupo Alquimia e a DJ Thayse Lameirinhas, ser\u00e1 inaugurado, no dia 16, o Complexo Futev\u00f4lei no Estrela Sul. Est\u00e1 confirmada a presen\u00e7a dos jogadores Bello Soares, Aninha Manh\u00e3es, Leandro Guerreiro e L\u00e9o Tubar\u00e3o.<\/p>\n<p style=\"text-align: center;\"><strong>Beleza Rara<\/strong><\/p>\n<p style=\"text-align: center;\">Tendo como templo o Espa\u00e7o Excalibur, no S\u00e3o Mateus, est\u00e1 em exposi\u00e7\u00e3o o tema \u2018Miscel\u00e2nea\u2019 reunindo 43 obras de 12 artistas pl\u00e1sticos. Dividindo o espa\u00e7o, pintura, esculturas e artesanato na bel\u00edssima mostra do Grupo Pulsartes. Os trabalhos mostram diversidade de estilos e exprime a variedade da produ\u00e7\u00e3o do grupo.<\/p>\n<p style=\"text-align: center;\"><strong>Sucesso <\/strong><\/p>\n<p style=\"text-align: center;\">Com muito confete e serpentina, ser\u00e1 no Univershow o tradicional Baile da Banda Daki. A partir das 22h, blocos de melindrosas, palha\u00e7os, bailarinas, sambistas, gays, pierr\u00f4, colombina, Nega Maluca, vedetes e modelos estar\u00e3o pulando no sal\u00e3o sob a batuta de Z\u00e9 Kodak.<\/p>\n<p style=\"text-align: center;\"><strong>Vig\u00edlia<\/strong><\/p>\n<p style=\"text-align: center;\">Perguntar n\u00e3o ofende: Diante da trag\u00e9dia de Brumadinho (MG) e da degrada\u00e7\u00e3o do meio ambiente que isso causou, a cr\u00f4nica pol\u00edtica especula qual ser\u00e1 a posi\u00e7\u00e3o do Partido Verde em Minas. Como se sabe, nacionalmente, trata-se de uma sigla que, como j\u00e1 vem descrito, cuida do meio ambiente.<\/p>\n<p style=\"text-align: center;\"><strong>Reflex\u00e3o Social<\/strong><\/p>\n<p style=\"text-align: center;\">A atriz capixaba Adriana Perin investiga as pluralidades do ser humano e se desconstr\u00f3i como mulher no espet\u00e1culo \u201cAuto eus a ditadura da aprova\u00e7\u00e3o social\u201d. Em cena, no Teatro Poeira (RJ), a atriz narra uma viagem rumo \u00e0 empatia por si mesma. Aplausos.<\/p>\n<p style=\"text-align: center;\"><strong>Clique Certo<\/strong><\/p>\n<p style=\"text-align: center;\">A cole\u00e7\u00e3o de inverno da A. Brand, batizada souvenir, d\u00e1 uma volta ao mundo colhendo refer\u00eancias de lugares diversos, como Hava\u00ed e Marrocos. A bolsa em formato de c\u00e2mara fotogr\u00e1fica lembra que registrar \u00e9 preciso. Um Luxo!<\/p>\n<div id=\"attachment_133599\" style=\"width: 690px\" class=\"wp-caption aligncenter\"><img loading=\"lazy\" decoding=\"async\" aria-describedby=\"caption-attachment-133599\" class=\"wp-image-133599\" src=\"https:\/\/diarioregionaldigital.com.br\/wp-content\/uploads\/2019\/02\/fotoa-5-e1549921535421.jpg\" alt=\"\" width=\"680\" height=\"589\" srcset=\"https:\/\/diarioregionaldigital.com.br\/wp-content\/uploads\/2019\/02\/fotoa-5-e1549921535421.jpg 1155w, https:\/\/diarioregionaldigital.com.br\/wp-content\/uploads\/2019\/02\/fotoa-5-e1549921535421-300x260.jpg 300w, https:\/\/diarioregionaldigital.com.br\/wp-content\/uploads\/2019\/02\/fotoa-5-e1549921535421-768x666.jpg 768w, https:\/\/diarioregionaldigital.com.br\/wp-content\/uploads\/2019\/02\/fotoa-5-e1549921535421-1024x887.jpg 1024w, https:\/\/diarioregionaldigital.com.br\/wp-content\/uploads\/2019\/02\/fotoa-5-e1549921535421-360x312.jpg 360w\" sizes=\"auto, (max-width: 680px) 100vw, 680px\" \/><p id=\"caption-attachment-133599\" class=\"wp-caption-text\">A cantora e batuqueira Ma\u00edra Delgado arrasa com sua beleza e talento no grupo Boca Mi\u00fada<\/p><\/div>\n<div id=\"attachment_133600\" style=\"width: 690px\" class=\"wp-caption aligncenter\"><img loading=\"lazy\" decoding=\"async\" aria-describedby=\"caption-attachment-133600\" class=\"wp-image-133600\" src=\"https:\/\/diarioregionaldigital.com.br\/wp-content\/uploads\/2019\/02\/fotob-4-e1549921561958.jpg\" alt=\"\" width=\"680\" height=\"520\" srcset=\"https:\/\/diarioregionaldigital.com.br\/wp-content\/uploads\/2019\/02\/fotob-4-e1549921561958.jpg 1179w, https:\/\/diarioregionaldigital.com.br\/wp-content\/uploads\/2019\/02\/fotob-4-e1549921561958-300x229.jpg 300w, https:\/\/diarioregionaldigital.com.br\/wp-content\/uploads\/2019\/02\/fotob-4-e1549921561958-768x587.jpg 768w, https:\/\/diarioregionaldigital.com.br\/wp-content\/uploads\/2019\/02\/fotob-4-e1549921561958-1024x783.jpg 1024w, https:\/\/diarioregionaldigital.com.br\/wp-content\/uploads\/2019\/02\/fotob-4-e1549921561958-360x275.jpg 360w\" sizes=\"auto, (max-width: 680px) 100vw, 680px\" \/><p id=\"caption-attachment-133600\" class=\"wp-caption-text\">Na ferve\u00e7\u00e3o do Muzik, o dan\u00e7arino Dante Rangel<\/p><\/div>\n<div id=\"attachment_133601\" style=\"width: 690px\" class=\"wp-caption aligncenter\"><img loading=\"lazy\" decoding=\"async\" aria-describedby=\"caption-attachment-133601\" class=\"wp-image-133601\" src=\"https:\/\/diarioregionaldigital.com.br\/wp-content\/uploads\/2019\/02\/fotoc-4-e1549921586419.jpg\" alt=\"\" width=\"680\" height=\"497\" srcset=\"https:\/\/diarioregionaldigital.com.br\/wp-content\/uploads\/2019\/02\/fotoc-4-e1549921586419.jpg 1164w, https:\/\/diarioregionaldigital.com.br\/wp-content\/uploads\/2019\/02\/fotoc-4-e1549921586419-300x219.jpg 300w, https:\/\/diarioregionaldigital.com.br\/wp-content\/uploads\/2019\/02\/fotoc-4-e1549921586419-768x561.jpg 768w, https:\/\/diarioregionaldigital.com.br\/wp-content\/uploads\/2019\/02\/fotoc-4-e1549921586419-1024x749.jpg 1024w, https:\/\/diarioregionaldigital.com.br\/wp-content\/uploads\/2019\/02\/fotoc-4-e1549921586419-360x263.jpg 360w\" sizes=\"auto, (max-width: 680px) 100vw, 680px\" \/><p id=\"caption-attachment-133601\" class=\"wp-caption-text\">No lan\u00e7amento da revista Casa-Noiva na Cervejaria Mirante, Junior Caiafa, Fabiana e Renata Gama (Rhema), Gustavo Almeida, Nayara e Nayane Neto (by Candy)<\/p><\/div>\n<div id=\"attachment_133602\" style=\"width: 690px\" class=\"wp-caption aligncenter\"><img loading=\"lazy\" decoding=\"async\" aria-describedby=\"caption-attachment-133602\" class=\"wp-image-133602\" src=\"https:\/\/diarioregionaldigital.com.br\/wp-content\/uploads\/2019\/02\/fotod-4-e1549921608500.jpg\" alt=\"\" width=\"680\" height=\"580\" srcset=\"https:\/\/diarioregionaldigital.com.br\/wp-content\/uploads\/2019\/02\/fotod-4-e1549921608500.jpg 1175w, https:\/\/diarioregionaldigital.com.br\/wp-content\/uploads\/2019\/02\/fotod-4-e1549921608500-300x256.jpg 300w, https:\/\/diarioregionaldigital.com.br\/wp-content\/uploads\/2019\/02\/fotod-4-e1549921608500-768x655.jpg 768w, https:\/\/diarioregionaldigital.com.br\/wp-content\/uploads\/2019\/02\/fotod-4-e1549921608500-1024x873.jpg 1024w, https:\/\/diarioregionaldigital.com.br\/wp-content\/uploads\/2019\/02\/fotod-4-e1549921608500-360x307.jpg 360w\" sizes=\"auto, (max-width: 680px) 100vw, 680px\" \/><p id=\"caption-attachment-133602\" class=\"wp-caption-text\">No Sal\u00e3o MS, os estrelados profissionais, Simone Theodoro e Carlos Badico<\/p><\/div>\n<div id=\"attachment_133603\" style=\"width: 690px\" class=\"wp-caption aligncenter\"><img loading=\"lazy\" decoding=\"async\" aria-describedby=\"caption-attachment-133603\" class=\"wp-image-133603\" src=\"https:\/\/diarioregionaldigital.com.br\/wp-content\/uploads\/2019\/02\/fotoe-3-e1549921627696.jpg\" alt=\"\" width=\"680\" height=\"484\" srcset=\"https:\/\/diarioregionaldigital.com.br\/wp-content\/uploads\/2019\/02\/fotoe-3-e1549921627696.jpg 1194w, https:\/\/diarioregionaldigital.com.br\/wp-content\/uploads\/2019\/02\/fotoe-3-e1549921627696-300x214.jpg 300w, https:\/\/diarioregionaldigital.com.br\/wp-content\/uploads\/2019\/02\/fotoe-3-e1549921627696-768x547.jpg 768w, https:\/\/diarioregionaldigital.com.br\/wp-content\/uploads\/2019\/02\/fotoe-3-e1549921627696-1024x729.jpg 1024w, https:\/\/diarioregionaldigital.com.br\/wp-content\/uploads\/2019\/02\/fotoe-3-e1549921627696-360x256.jpg 360w, https:\/\/diarioregionaldigital.com.br\/wp-content\/uploads\/2019\/02\/fotoe-3-e1549921627696-100x70.jpg 100w\" sizes=\"auto, (max-width: 680px) 100vw, 680px\" \/><p id=\"caption-attachment-133603\" class=\"wp-caption-text\">Gente chique no Glass Parque, Jacqueline Vianna, Marc\u00edlio Gomes, Marivalda Lins e Leonora Mansur<\/p><\/div>\n<div id=\"attachment_133606\" style=\"width: 690px\" class=\"wp-caption aligncenter\"><img loading=\"lazy\" decoding=\"async\" aria-describedby=\"caption-attachment-133606\" class=\"wp-image-133606\" src=\"https:\/\/diarioregionaldigital.com.br\/wp-content\/uploads\/2019\/02\/fotoh-4-e1549921700105.jpg\" alt=\"\" width=\"680\" height=\"499\" srcset=\"https:\/\/diarioregionaldigital.com.br\/wp-content\/uploads\/2019\/02\/fotoh-4-e1549921700105.jpg 1158w, https:\/\/diarioregionaldigital.com.br\/wp-content\/uploads\/2019\/02\/fotoh-4-e1549921700105-300x220.jpg 300w, https:\/\/diarioregionaldigital.com.br\/wp-content\/uploads\/2019\/02\/fotoh-4-e1549921700105-768x563.jpg 768w, https:\/\/diarioregionaldigital.com.br\/wp-content\/uploads\/2019\/02\/fotoh-4-e1549921700105-1024x751.jpg 1024w, https:\/\/diarioregionaldigital.com.br\/wp-content\/uploads\/2019\/02\/fotoh-4-e1549921700105-360x264.jpg 360w\" sizes=\"auto, (max-width: 680px) 100vw, 680px\" \/><p id=\"caption-attachment-133606\" class=\"wp-caption-text\">Curtindo o sucesso do Restaurante Pal\u00e1cio, os irm\u00e3os Renata e Henrique Hargreaves<\/p><\/div>\n<div id=\"attachment_133605\" style=\"width: 690px\" class=\"wp-caption aligncenter\"><img loading=\"lazy\" decoding=\"async\" aria-describedby=\"caption-attachment-133605\" class=\"wp-image-133605\" src=\"https:\/\/diarioregionaldigital.com.br\/wp-content\/uploads\/2019\/02\/fotog-4-e1549921672966.jpg\" alt=\"\" width=\"680\" height=\"496\" srcset=\"https:\/\/diarioregionaldigital.com.br\/wp-content\/uploads\/2019\/02\/fotog-4-e1549921672966.jpg 1164w, https:\/\/diarioregionaldigital.com.br\/wp-content\/uploads\/2019\/02\/fotog-4-e1549921672966-300x219.jpg 300w, https:\/\/diarioregionaldigital.com.br\/wp-content\/uploads\/2019\/02\/fotog-4-e1549921672966-768x560.jpg 768w, https:\/\/diarioregionaldigital.com.br\/wp-content\/uploads\/2019\/02\/fotog-4-e1549921672966-1024x747.jpg 1024w, https:\/\/diarioregionaldigital.com.br\/wp-content\/uploads\/2019\/02\/fotog-4-e1549921672966-360x263.jpg 360w\" sizes=\"auto, (max-width: 680px) 100vw, 680px\" \/><p id=\"caption-attachment-133605\" class=\"wp-caption-text\">No MHall, os irm\u00e3os Pedro Henrique e Jo\u00e3o Gabriel ladeando Eduardo Gomes<\/p><\/div>\n<div id=\"attachment_133604\" style=\"width: 690px\" class=\"wp-caption aligncenter\"><img loading=\"lazy\" decoding=\"async\" aria-describedby=\"caption-attachment-133604\" class=\"wp-image-133604\" src=\"https:\/\/diarioregionaldigital.com.br\/wp-content\/uploads\/2019\/02\/fotof-5-e1549921647132.jpg\" alt=\"\" width=\"680\" height=\"493\" srcset=\"https:\/\/diarioregionaldigital.com.br\/wp-content\/uploads\/2019\/02\/fotof-5-e1549921647132.jpg 1623w, https:\/\/diarioregionaldigital.com.br\/wp-content\/uploads\/2019\/02\/fotof-5-e1549921647132-300x217.jpg 300w, https:\/\/diarioregionaldigital.com.br\/wp-content\/uploads\/2019\/02\/fotof-5-e1549921647132-768x556.jpg 768w, https:\/\/diarioregionaldigital.com.br\/wp-content\/uploads\/2019\/02\/fotof-5-e1549921647132-1024x742.jpg 1024w, https:\/\/diarioregionaldigital.com.br\/wp-content\/uploads\/2019\/02\/fotof-5-e1549921647132-360x261.jpg 360w\" sizes=\"auto, (max-width: 680px) 100vw, 680px\" \/><p id=\"caption-attachment-133604\" class=\"wp-caption-text\">Em contagem regressiva para o carnaval, Osvaldo Fernandes Filho, Nelson Resende de Barros, Edna Saleme, Cristina e Fernando Luis Baldioti (Baleia)<\/p><\/div>\n<p style=\"text-align: center;\"><strong>FOTOSS\u00cdNTESE<\/strong><\/p>\n<p>Com muito confete e serpentina, Raquel Torres promove, pelo 7\u00ba ano, o Bloco da Papel. Ser\u00e1 dia 22 de fevereiro, as 17h, na rua Primavera, 480, no Novo Horizonte. Haver\u00e1 bar, door, pista de dan\u00e7a, DJ At\u00edlio e mesa de frutas.<\/p>\n<p>O Parque Halfeld ser\u00e1 cen\u00e1rio, no dia 25 de fevereiro, para a Batalha de Confetes do Bloco Eu e Voc\u00ea. Ser\u00e1 \u00e0s 19h. J\u00e1 \u00e0s 20h tem o Bloco T\u00f4 no Vermelho.<\/p>\n<p>Com sua voz intensa, a cantora Carol Tavares \u00e9 atra\u00e7\u00e3o na 4\u00aa feira, \u00e0s 19h, no Pluri Bistr\u00f4.<\/p>\n<p>Para o s\u00e1bado, 16 de fevereiro, \u00e0s 23h, o Privil\u00e8ge vai estremecer com a festa Go Fresch. A zueira ficar\u00e1 por conta de Ashdibah, Future Class, Rocksted, Rooftime, Capute &amp; Moa, Carol Favero e Sandro Valente.<\/p>\n<p>Para um happy hour regado a chopes especiais, belisquetes ou hamb\u00fargueres, o tom certo \u00e9 curtir o Restaurante Pal\u00e1cio, na Batista de Oliveira. Na sexta-feira 15 de fevereiro tem a sensa\u00e7\u00e3o do momento com a turma do Boca Mi\u00fada com samba de qualidade.<\/p>\n<p>Com o bat local na Av. Oleg\u00e1rio Maciel, n\u00ba 1739, no Paineiras, o Espa\u00e7o Chakra coloca a sa\u00fade para viver bem com lideran\u00e7a da yoga, terapia ayurveda, massagens ayurveda e hol\u00edstica, thetahealing, constela\u00e7\u00e3o familiar, reiki e tattoos inspiradas em grafismos ind\u00edgenas.<\/p>\n<p>Repercutindo na cidade o Encontro Anual de Neg\u00f3cios e Projetos, tradicional evento do Grupo Bahamas. Foi na Esta\u00e7\u00e3o S\u00e3o Pedro com interessante palestra com o economista Samy Dana, professor da Escola de Administra\u00e7\u00e3o da Funda\u00e7\u00e3o Get\u00falio Vargas.<\/p>\n<p>Aten\u00e7\u00e3o: at\u00e9 o final do m\u00eas, o Supermercado BH deve ser inaugurado em Juiz de Fora, dentro do complexo do Shopping Jardim Norte, onde funcionava o Bretas.<\/p>\n<p>A\u00ed&#8230; Quer continuar com a bateria l\u00e1 em cima durante o dia? Ent\u00e3o procure almo\u00e7ar sempre por volta do mesmo hor\u00e1rio e de prefer\u00eancia com o sol \u00e0 pino. Bom dia.<\/p>\n<p><img loading=\"lazy\" decoding=\"async\" class=\"aligncenter size-full wp-image-133259\" src=\"https:\/\/diarioregionaldigital.com.br\/wp-content\/uploads\/2019\/02\/Fashion_6x15.jpg\" alt=\"\" width=\"3484\" height=\"1772\" srcset=\"https:\/\/diarioregionaldigital.com.br\/wp-content\/uploads\/2019\/02\/Fashion_6x15.jpg 3484w, https:\/\/diarioregionaldigital.com.br\/wp-content\/uploads\/2019\/02\/Fashion_6x15-300x153.jpg 300w, https:\/\/diarioregionaldigital.com.br\/wp-content\/uploads\/2019\/02\/Fashion_6x15-768x391.jpg 768w, https:\/\/diarioregionaldigital.com.br\/wp-content\/uploads\/2019\/02\/Fashion_6x15-1024x521.jpg 1024w, https:\/\/diarioregionaldigital.com.br\/wp-content\/uploads\/2019\/02\/Fashion_6x15-360x183.jpg 360w\" sizes=\"auto, (max-width: 3484px) 100vw, 3484px\" \/><\/p>\n","protected":false},"excerpt":{"rendered":"<p>Arte Pura Causando impacto visual a exposi\u00e7\u00e3o de Luiz Alberto Dilly \u201cOs rob\u00f4s invadem Vargas\u201d, no CCBM. Em cena cerca de 30 pe\u00e7as em ferro e material reciclado. Talentoso e carism\u00e1tico, ele se dedica \u00e0s artes pl\u00e1sticas desde os anos 90 e ficou conhecido com obras sobre o \u2018ET\u2019 de Varginha. Inaugura\u00e7\u00e3o Com o tom [&hellip;]<\/p>\n","protected":false},"author":96,"featured_media":133599,"comment_status":"closed","ping_status":"closed","sticky":false,"template":"","format":"standard","meta":{"footnotes":""},"categories":[264],"tags":[],"class_list":["post-133623","post","type-post","status-publish","format-standard","has-post-thumbnail","hentry","category-eduardo-gomes"],"_links":{"self":[{"href":"https:\/\/diarioregionaldigital.com.br\/index.php?rest_route=\/wp\/v2\/posts\/133623","targetHints":{"allow":["GET"]}}],"collection":[{"href":"https:\/\/diarioregionaldigital.com.br\/index.php?rest_route=\/wp\/v2\/posts"}],"about":[{"href":"https:\/\/diarioregionaldigital.com.br\/index.php?rest_route=\/wp\/v2\/types\/post"}],"author":[{"embeddable":true,"href":"https:\/\/diarioregionaldigital.com.br\/index.php?rest_route=\/wp\/v2\/users\/96"}],"replies":[{"embeddable":true,"href":"https:\/\/diarioregionaldigital.com.br\/index.php?rest_route=%2Fwp%2Fv2%2Fcomments&post=133623"}],"version-history":[{"count":0,"href":"https:\/\/diarioregionaldigital.com.br\/index.php?rest_route=\/wp\/v2\/posts\/133623\/revisions"}],"wp:featuredmedia":[{"embeddable":true,"href":"https:\/\/diarioregionaldigital.com.br\/index.php?rest_route=\/wp\/v2\/media\/133599"}],"wp:attachment":[{"href":"https:\/\/diarioregionaldigital.com.br\/index.php?rest_route=%2Fwp%2Fv2%2Fmedia&parent=133623"}],"wp:term":[{"taxonomy":"category","embeddable":true,"href":"https:\/\/diarioregionaldigital.com.br\/index.php?rest_route=%2Fwp%2Fv2%2Fcategories&post=133623"},{"taxonomy":"post_tag","embeddable":true,"href":"https:\/\/diarioregionaldigital.com.br\/index.php?rest_route=%2Fwp%2Fv2%2Ftags&post=133623"}],"curies":[{"name":"wp","href":"https:\/\/api.w.org\/{rel}","templated":true}]}}