{"id":133617,"date":"2019-02-12T06:00:51","date_gmt":"2019-02-12T08:00:51","guid":{"rendered":"https:\/\/diarioregionaldigital.com.br\/?p=133617"},"modified":"2019-02-11T18:39:45","modified_gmt":"2019-02-11T20:39:45","slug":"aviso-primavera-desenvolvimento-urbano-ltda-12-02-19","status":"publish","type":"post","link":"https:\/\/diarioregionaldigital.com.br\/?p=133617","title":{"rendered":"Aviso &#8211; Primavera Desenvolvimento Urbano LTDA &#8211; 12\/02\/19"},"content":{"rendered":"<p style=\"text-align: center;\"><strong>AVISO<\/strong><\/p>\n<p style=\"text-align: center;\"><strong>PRIMAVERA DESENVOLVIMENTO URBANO LTDA,<\/strong> CNPJ 02.996.515\/0001-19, por determina\u00e7\u00e3o do Conselho Municipal do Meio Ambiente \u2013 COMDEMA, \u00a0torna p\u00fablico que, atrav\u00e9s do Protocolo N\u00ba 2327\/2019 (FOB 02\/2019) solicitou a Licen\u00e7a de Opera\u00e7\u00e3o em car\u00e1ter Corretivo\u00a0 para o empreendimento\u00a0 denominado Loteamento \u201cNova Gramado Village\u201d, situado na Av. Juiz de For \u2013 \u201c\u00c1rea A\u201d, Bairro Grama\u00a0 em Juiz de Fora\/MG.<\/p>\n","protected":false},"excerpt":{"rendered":"<p>AVISO PRIMAVERA DESENVOLVIMENTO URBANO LTDA, CNPJ 02.996.515\/0001-19, por determina\u00e7\u00e3o do Conselho Municipal do Meio Ambiente \u2013 COMDEMA, \u00a0torna p\u00fablico que, atrav\u00e9s do Protocolo N\u00ba 2327\/2019 (FOB 02\/2019) solicitou a Licen\u00e7a de Opera\u00e7\u00e3o em car\u00e1ter Corretivo\u00a0 para o empreendimento\u00a0 denominado Loteamento \u201cNova Gramado Village\u201d, situado na Av. Juiz de For \u2013 \u201c\u00c1rea A\u201d, Bairro Grama\u00a0 em [&hellip;]<\/p>\n","protected":false},"author":96,"featured_media":0,"comment_status":"closed","ping_status":"closed","sticky":false,"template":"","format":"standard","meta":{"footnotes":""},"categories":[307],"tags":[],"class_list":["post-133617","post","type-post","status-publish","format-standard","hentry","category-editais"],"_links":{"self":[{"href":"https:\/\/diarioregionaldigital.com.br\/index.php?rest_route=\/wp\/v2\/posts\/133617","targetHints":{"allow":["GET"]}}],"collection":[{"href":"https:\/\/diarioregionaldigital.com.br\/index.php?rest_route=\/wp\/v2\/posts"}],"about":[{"href":"https:\/\/diarioregionaldigital.com.br\/index.php?rest_route=\/wp\/v2\/types\/post"}],"author":[{"embeddable":true,"href":"https:\/\/diarioregionaldigital.com.br\/index.php?rest_route=\/wp\/v2\/users\/96"}],"replies":[{"embeddable":true,"href":"https:\/\/diarioregionaldigital.com.br\/index.php?rest_route=%2Fwp%2Fv2%2Fcomments&post=133617"}],"version-history":[{"count":0,"href":"https:\/\/diarioregionaldigital.com.br\/index.php?rest_route=\/wp\/v2\/posts\/133617\/revisions"}],"wp:attachment":[{"href":"https:\/\/diarioregionaldigital.com.br\/index.php?rest_route=%2Fwp%2Fv2%2Fmedia&parent=133617"}],"wp:term":[{"taxonomy":"category","embeddable":true,"href":"https:\/\/diarioregionaldigital.com.br\/index.php?rest_route=%2Fwp%2Fv2%2Fcategories&post=133617"},{"taxonomy":"post_tag","embeddable":true,"href":"https:\/\/diarioregionaldigital.com.br\/index.php?rest_route=%2Fwp%2Fv2%2Ftags&post=133617"}],"curies":[{"name":"wp","href":"https:\/\/api.w.org\/{rel}","templated":true}]}}