{"id":133608,"date":"2019-02-11T18:07:44","date_gmt":"2019-02-11T20:07:44","guid":{"rendered":"https:\/\/diarioregionaldigital.com.br\/?p=133608"},"modified":"2019-02-11T18:07:44","modified_gmt":"2019-02-11T20:07:44","slug":"na-reforma-da-previdencia-congresso-tem-que-ouvir-todos-os-lados-e-cortar-privilegios-afirma-davi","status":"publish","type":"post","link":"https:\/\/diarioregionaldigital.com.br\/?p=133608","title":{"rendered":"Na reforma da Previd\u00eancia, Congresso tem que ouvir todos os lados e cortar privil\u00e9gios, afirma Davi"},"content":{"rendered":"<p>O presidente do Senado, Davi Alcolumbre, afirmou nessa segunda-feira, 11, enquanto era atendido na barbearia do Senado, que a reforma da Previd\u00eancia ser\u00e1 debatida democraticamente nas duas casas do Congresso Nacional e que todas as posi\u00e7\u00f5es sobre o tema ser\u00e3o ouvidas.<\/p>\n<p>Ele afirmou ainda que \u00e9 preciso cortar privil\u00e9gios e que o Estado necessita recuperar seu poder de investimento, o que seria poss\u00edvel com a redu\u00e7\u00e3o do d\u00e9ficit da Previd\u00eancia. \u201cO que a gente compreende \u00e9 que todos n\u00f3s estamos no mesmo navio, a gente precisa fazer as reformas para dar confian\u00e7a ao Brasil perante o mundo, dar seguran\u00e7a jur\u00eddica e estabilidade e fazer desse pa\u00eds o grande pa\u00eds que ele \u00e9\u201d, comenta.<\/p>\n<p>Davi voltou a informar que\u00a0o Senado vai acompanhar os trabalhos e debates dos deputados federais, visto que a proposta de reforma da Previd\u00eancia que ainda ser\u00e1 enviada pelo Poder Executivo come\u00e7ar\u00e1 sendo analisada pela C\u00e2mara dos Deputados.\u201cO debate da reforma da previd\u00eancia vai ser travado aqui, soberanamente, vai se iniciar a discuss\u00e3o pela C\u00e2mara, mas nossa inten\u00e7\u00e3o \u00e9 acompanhar o que vai se debater na C\u00e2mara, para quando chegar ao Senado Federal a gente j\u00e1 ter um conceito do que vai debater e do que a gente vai apresentar \u00e0 sociedade\u201d, disse.<\/p>\n<p>Para ele, a discuss\u00e3o ainda est\u00e1 superficial justamente pela falta de um texto oficial. \u201cAinda n\u00e3o tem efetivamente um texto para discutir, mas o que a gente sabe e compreende \u00e9 que o Brasil precisa da reforma. A gente precisa cortar os privil\u00e9gios e socializar os recursos do Estado. Hoje, o Estado tem 4% de recursos para investimento e acaba penalizando todo mundo, do mais humilde ao mais bem aquinhoado\u201d.<\/p>\n<p>&nbsp;<\/p>\n<p>Fonte: Ag\u00eancia Senado<\/p>\n","protected":false},"excerpt":{"rendered":"<p>O presidente do Senado, Davi Alcolumbre, afirmou nessa segunda-feira, 11, enquanto era atendido na barbearia do Senado, que a reforma da Previd\u00eancia ser\u00e1 debatida democraticamente nas duas casas do Congresso Nacional e que todas as posi\u00e7\u00f5es sobre o tema ser\u00e3o ouvidas. Ele afirmou ainda que \u00e9 preciso cortar privil\u00e9gios e que o Estado necessita recuperar [&hellip;]<\/p>\n","protected":false},"author":96,"featured_media":133609,"comment_status":"closed","ping_status":"closed","sticky":false,"template":"","format":"standard","meta":{"footnotes":""},"categories":[436,254,439],"tags":[],"class_list":["post-133608","post","type-post","status-publish","format-standard","has-post-thumbnail","hentry","category-destaque-da-semana","category-politica","category-ultima-hora"],"_links":{"self":[{"href":"https:\/\/diarioregionaldigital.com.br\/index.php?rest_route=\/wp\/v2\/posts\/133608","targetHints":{"allow":["GET"]}}],"collection":[{"href":"https:\/\/diarioregionaldigital.com.br\/index.php?rest_route=\/wp\/v2\/posts"}],"about":[{"href":"https:\/\/diarioregionaldigital.com.br\/index.php?rest_route=\/wp\/v2\/types\/post"}],"author":[{"embeddable":true,"href":"https:\/\/diarioregionaldigital.com.br\/index.php?rest_route=\/wp\/v2\/users\/96"}],"replies":[{"embeddable":true,"href":"https:\/\/diarioregionaldigital.com.br\/index.php?rest_route=%2Fwp%2Fv2%2Fcomments&post=133608"}],"version-history":[{"count":0,"href":"https:\/\/diarioregionaldigital.com.br\/index.php?rest_route=\/wp\/v2\/posts\/133608\/revisions"}],"wp:featuredmedia":[{"embeddable":true,"href":"https:\/\/diarioregionaldigital.com.br\/index.php?rest_route=\/wp\/v2\/media\/133609"}],"wp:attachment":[{"href":"https:\/\/diarioregionaldigital.com.br\/index.php?rest_route=%2Fwp%2Fv2%2Fmedia&parent=133608"}],"wp:term":[{"taxonomy":"category","embeddable":true,"href":"https:\/\/diarioregionaldigital.com.br\/index.php?rest_route=%2Fwp%2Fv2%2Fcategories&post=133608"},{"taxonomy":"post_tag","embeddable":true,"href":"https:\/\/diarioregionaldigital.com.br\/index.php?rest_route=%2Fwp%2Fv2%2Ftags&post=133608"}],"curies":[{"name":"wp","href":"https:\/\/api.w.org\/{rel}","templated":true}]}}