{"id":133593,"date":"2019-02-11T17:38:46","date_gmt":"2019-02-11T19:38:46","guid":{"rendered":"https:\/\/diarioregionaldigital.com.br\/?p=133593"},"modified":"2019-02-11T17:38:46","modified_gmt":"2019-02-11T19:38:46","slug":"indice-de-clima-economico-volta-para-patamar-positivo-depois-de-um-ano","status":"publish","type":"post","link":"https:\/\/diarioregionaldigital.com.br\/?p=133593","title":{"rendered":"\u00cdndice de Clima Econ\u00f4mico volta para patamar positivo depois de um ano"},"content":{"rendered":"<p>O \u00cdndice de Clima Econ\u00f4mico do Brasil registrou, em janeiro, o primeiro \u00edndice positivo depois de tr\u00eas trimestres com patamar negativo. O Brasil teve a maior alta da Am\u00e9rica Latina, ao passar de -33,9 pontos para 3,6 pontos, em uma escala de 200 pontos (que varia de menos 100 a 100). Na \u00faltima pesquisa, feita em outubro de 2018, a pontua\u00e7\u00e3o era de menos 33,9 pontos.<\/p>\n<p>A \u00faltima vez que o Brasil tinha registrado uma pontua\u00e7\u00e3o acima de zero havia sido em janeiro de 2018 (4,3 pontos). Na m\u00e9dia dos \u00faltimos dez anos, no entanto, o pa\u00eds ainda registra uma pontua\u00e7\u00e3o negativa (menos 9,9 pontos). A pesquisa, realizada pela Funda\u00e7\u00e3o Getulio Vargas (FGV), se baseia na avalia\u00e7\u00e3o de especialistas de economia do pa\u00eds.<\/p>\n<p>O que puxou a melhora do indicador foi o \u00cdndice de Expectativas, que registrou 88 pontos em janeiro. Em outubro de 2018, a pontua\u00e7\u00e3o era de 25,9 pontos.<\/p>\n<p>J\u00e1 o \u00cdndice da Situa\u00e7\u00e3o Atual, apesar de apresentar melhora, continuou em patamar negativo em janeiro (-56 pontos). Em outubro do ano passado, a pontua\u00e7\u00e3o era de menos 77,8 pontos.<\/p>\n<p>A pesquisa tamb\u00e9m \u00e9 realizada em outros pa\u00edses, em colabora\u00e7\u00e3o com o instituto alem\u00e3o Ifo. Na m\u00e9dia, o Indicador de Clima Econ\u00f4mico da Am\u00e9rica Latina teve uma leve melhora de outubro para janeiro, apesar de continuar em patamar negativo, ao passar de -10,7 para -9,1 pontos.<\/p>\n<p>Entre os 11 pa\u00edses latino-americanos pesquisados, o Brasil est\u00e1 em sexto lugar, atr\u00e1s de Paraguai (23,6 pontos), Chile (13,6), Bol\u00edvia (12,4), Col\u00f4mbia (8,8) e Peru (5,5). O pa\u00eds est\u00e1 \u00e0 frente de Argentina (-30,8), Equador e M\u00e9xico (-41,9), Uruguai (-18,9) e Venezuela (-100).<\/p>\n<p>Entre os Brics, o Brasil est\u00e1 atr\u00e1s apenas da \u00cdndia (10,4 pontos) e \u00e0 frente de R\u00fassia (-22,1), \u00c1frica do Sul (-33,7) e China (-38,8). Outros pa\u00edses e regi\u00f5es pesquisados s\u00e3o Uni\u00e3o Europeia (-13), Estados Unidos (-2,9), Jap\u00e3o (-18,9), Alemanha (11,5), Fran\u00e7a (-23,8) e Reino Unido (-46,7).<\/p>\n<p>&nbsp;<\/p>\n<p>Fonte: Ag\u00eancia Brasil<\/p>\n","protected":false},"excerpt":{"rendered":"<p>O \u00cdndice de Clima Econ\u00f4mico do Brasil registrou, em janeiro, o primeiro \u00edndice positivo depois de tr\u00eas trimestres com patamar negativo. O Brasil teve a maior alta da Am\u00e9rica Latina, ao passar de -33,9 pontos para 3,6 pontos, em uma escala de 200 pontos (que varia de menos 100 a 100). Na \u00faltima pesquisa, feita [&hellip;]<\/p>\n","protected":false},"author":96,"featured_media":105072,"comment_status":"closed","ping_status":"closed","sticky":false,"template":"","format":"standard","meta":{"footnotes":""},"categories":[436,261,262,439],"tags":[],"class_list":["post-133593","post","type-post","status-publish","format-standard","has-post-thumbnail","hentry","category-destaque-da-semana","category-economia","category-noticias","category-ultima-hora"],"_links":{"self":[{"href":"https:\/\/diarioregionaldigital.com.br\/index.php?rest_route=\/wp\/v2\/posts\/133593","targetHints":{"allow":["GET"]}}],"collection":[{"href":"https:\/\/diarioregionaldigital.com.br\/index.php?rest_route=\/wp\/v2\/posts"}],"about":[{"href":"https:\/\/diarioregionaldigital.com.br\/index.php?rest_route=\/wp\/v2\/types\/post"}],"author":[{"embeddable":true,"href":"https:\/\/diarioregionaldigital.com.br\/index.php?rest_route=\/wp\/v2\/users\/96"}],"replies":[{"embeddable":true,"href":"https:\/\/diarioregionaldigital.com.br\/index.php?rest_route=%2Fwp%2Fv2%2Fcomments&post=133593"}],"version-history":[{"count":0,"href":"https:\/\/diarioregionaldigital.com.br\/index.php?rest_route=\/wp\/v2\/posts\/133593\/revisions"}],"wp:featuredmedia":[{"embeddable":true,"href":"https:\/\/diarioregionaldigital.com.br\/index.php?rest_route=\/wp\/v2\/media\/105072"}],"wp:attachment":[{"href":"https:\/\/diarioregionaldigital.com.br\/index.php?rest_route=%2Fwp%2Fv2%2Fmedia&parent=133593"}],"wp:term":[{"taxonomy":"category","embeddable":true,"href":"https:\/\/diarioregionaldigital.com.br\/index.php?rest_route=%2Fwp%2Fv2%2Fcategories&post=133593"},{"taxonomy":"post_tag","embeddable":true,"href":"https:\/\/diarioregionaldigital.com.br\/index.php?rest_route=%2Fwp%2Fv2%2Ftags&post=133593"}],"curies":[{"name":"wp","href":"https:\/\/api.w.org\/{rel}","templated":true}]}}