{"id":133590,"date":"2019-02-11T17:32:51","date_gmt":"2019-02-11T19:32:51","guid":{"rendered":"https:\/\/diarioregionaldigital.com.br\/?p=133590"},"modified":"2019-02-11T17:32:51","modified_gmt":"2019-02-11T19:32:51","slug":"policia-militar-prende-jovem-com-armas-municoes-e-drogas","status":"publish","type":"post","link":"https:\/\/diarioregionaldigital.com.br\/?p=133590","title":{"rendered":"Pol\u00edcia Militar prende jovem com armas, muni\u00e7\u00f5es e drogas"},"content":{"rendered":"<p>Um jovem de 18 anos foi preso na noite do \u00faltimo domingo, 10. Ele foi preso com drogas, armas e muni\u00e7\u00f5es na rua Ana Reis, no bairro Furtado de Menezes, zona Sudeste de Juiz de Fora. A pris\u00e3o foi feita em flagrante.<\/p>\n<p>De acordo com as informa\u00e7\u00f5es da Pol\u00edcia Militar, a PM recebeu den\u00fancias an\u00f4nimas de que o jovem e outro suspeito estariam utilizando uma casa na rua em quest\u00e3o para guardar grande quantidade de drogas, al\u00e9m de armas e muni\u00e7\u00f5es. Ap\u00f3s o recebimento da informa\u00e7\u00e3o, militares foram at\u00e9 o local e montaram um cerco pr\u00f3ximo a resid\u00eancia para evitar a fuga dos suspeitos.<\/p>\n<p>Ao perceber a presen\u00e7a da PM, o rapaz jogou uma mochila no quintal. Tal ato foi percebido por um militar que atuava na ocorr\u00eancia. Logo em seguida, ele foi para a entrada da casa, abriu um port\u00e3o que d\u00e1 acesso \u00e0 rua e tentou fugir, mas foi impedido pelos militares.<\/p>\n<p>Ap\u00f3s evitarem a fuga do indiv\u00edduo, os policiais seguiram em dire\u00e7\u00e3o ao local onde ela havia jogado a mochila e encontrara tr\u00eas rev\u00f3lveres. Dentro do im\u00f3vel, no interior de um arm\u00e1rio, foram apreendias uma espingarda calibre 12, 24 muni\u00e7\u00f5es de calibre 12, nove cartuchos de calibre 380 e outros nove de calibre 38. A PM encontrou tamb\u00e9m a quantia de R$1.760,00, \u00a0119 buchas de maconha, uma barra da mesma subst\u00e2ncia e 436 pedras de crack, al\u00e9m de dois r\u00e1dios comunicadores, uma base para carregar os aparelhos, duas balan\u00e7as de precis\u00e3o, uma TV, um videogame e materiais para embalar drogas.<\/p>\n<p>De acordo com a PM, o jovem preso \u00e9 conhecido no meio policial por vender drogas na linha f\u00e9rrea do Bairro Po\u00e7o Rico, mesma regi\u00e3o. Ele j\u00e1 tem outras passagens pela pol\u00edcia.<\/p>\n<p>&nbsp;<\/p>\n<p>&nbsp;<\/p>\n","protected":false},"excerpt":{"rendered":"<p>Um jovem de 18 anos foi preso na noite do \u00faltimo domingo, 10. Ele foi preso com drogas, armas e muni\u00e7\u00f5es na rua Ana Reis, no bairro Furtado de Menezes, zona Sudeste de Juiz de Fora. A pris\u00e3o foi feita em flagrante. De acordo com as informa\u00e7\u00f5es da Pol\u00edcia Militar, a PM recebeu den\u00fancias an\u00f4nimas [&hellip;]<\/p>\n","protected":false},"author":96,"featured_media":133591,"comment_status":"closed","ping_status":"closed","sticky":false,"template":"","format":"standard","meta":{"footnotes":""},"categories":[301,436,439],"tags":[],"class_list":["post-133590","post","type-post","status-publish","format-standard","has-post-thumbnail","hentry","category-artigos-policiais","category-destaque-da-semana","category-ultima-hora"],"_links":{"self":[{"href":"https:\/\/diarioregionaldigital.com.br\/index.php?rest_route=\/wp\/v2\/posts\/133590","targetHints":{"allow":["GET"]}}],"collection":[{"href":"https:\/\/diarioregionaldigital.com.br\/index.php?rest_route=\/wp\/v2\/posts"}],"about":[{"href":"https:\/\/diarioregionaldigital.com.br\/index.php?rest_route=\/wp\/v2\/types\/post"}],"author":[{"embeddable":true,"href":"https:\/\/diarioregionaldigital.com.br\/index.php?rest_route=\/wp\/v2\/users\/96"}],"replies":[{"embeddable":true,"href":"https:\/\/diarioregionaldigital.com.br\/index.php?rest_route=%2Fwp%2Fv2%2Fcomments&post=133590"}],"version-history":[{"count":0,"href":"https:\/\/diarioregionaldigital.com.br\/index.php?rest_route=\/wp\/v2\/posts\/133590\/revisions"}],"wp:featuredmedia":[{"embeddable":true,"href":"https:\/\/diarioregionaldigital.com.br\/index.php?rest_route=\/wp\/v2\/media\/133591"}],"wp:attachment":[{"href":"https:\/\/diarioregionaldigital.com.br\/index.php?rest_route=%2Fwp%2Fv2%2Fmedia&parent=133590"}],"wp:term":[{"taxonomy":"category","embeddable":true,"href":"https:\/\/diarioregionaldigital.com.br\/index.php?rest_route=%2Fwp%2Fv2%2Fcategories&post=133590"},{"taxonomy":"post_tag","embeddable":true,"href":"https:\/\/diarioregionaldigital.com.br\/index.php?rest_route=%2Fwp%2Fv2%2Ftags&post=133590"}],"curies":[{"name":"wp","href":"https:\/\/api.w.org\/{rel}","templated":true}]}}