{"id":133581,"date":"2019-02-11T17:29:25","date_gmt":"2019-02-11T19:29:25","guid":{"rendered":"https:\/\/diarioregionaldigital.com.br\/?p=133581"},"modified":"2019-02-11T17:29:25","modified_gmt":"2019-02-11T19:29:25","slug":"forum-da-cultura-lanca-edital-inedito-para-concertos-de-musica-erudita","status":"publish","type":"post","link":"https:\/\/diarioregionaldigital.com.br\/?p=133581","title":{"rendered":"F\u00f3rum da Cultura lan\u00e7a edital in\u00e9dito para concertos de m\u00fasica erudita"},"content":{"rendered":"<p>Com o objetivo de trazer musicalidade \u00e0 casa, o\u00a0F\u00f3rum da Cultura\u00a0da Universidade Federal de Juiz de Fora (UFJF) far\u00e1, neste ano, uma temporada de concertos. Para isso, as inscri\u00e7\u00f5es para o primeiro edital\u00a0Concertos de Outono\u00a0se iniciam nesta segunda-feira, 11. A iniciativa pretende promover concertos de m\u00fasica erudita, entre os meses de abril e maio, sempre aos domingos pela manh\u00e3.<\/p>\n<p>Ser\u00e3o ao todo cinco encontros, com apresenta\u00e7\u00f5es de duos ou trios de musicistas, visando ampliar a difus\u00e3o cultural em Juiz de Fora. Segundo o diretor do F\u00f3rum, professor Fl\u00e1vio Lins, os concertos est\u00e3o inseridos na programa\u00e7\u00e3o de comemora\u00e7\u00e3o ao ano do centen\u00e1rio, tendo como tema\u00a0Homenagem\u00a0a Cecy.<\/p>\n<p>Conforme o edital, podem inscrever-se grupos musicais formados por duas ou tr\u00eas pessoas, entre instrumentistas e cantores. Os interessados devem entregar a\u00a0ficha de inscri\u00e7\u00e3o\u00a0preenchida, juntamente com curr\u00edculo atualizado, registro audiovisual de apresenta\u00e7\u00f5es dos candidatos e previs\u00e3o de programa, at\u00e9 o dia 18 de mar\u00e7o.<\/p>\n<p>A documenta\u00e7\u00e3o pode ser entregue pessoalmente, de segunda a sexta-feira, das 14h \u00e0s 18h, no F\u00f3rum da Cultura, ou enviada pelos\u00a0correios para o\u00a0F\u00f3rum da Cultura: Rua Santo Ant\u00f4nio, 1.112, Juiz de Fora\/MG, CEP 36016-210 (postagem at\u00e9 18 de mar\u00e7o). O resultado ser\u00e1 divulgado no site do F\u00f3rum, no dia 29 de mar\u00e7o.<\/p>\n<p>&nbsp;<\/p>\n<p>Fonte: UFJF<\/p>\n","protected":false},"excerpt":{"rendered":"<p>Com o objetivo de trazer musicalidade \u00e0 casa, o\u00a0F\u00f3rum da Cultura\u00a0da Universidade Federal de Juiz de Fora (UFJF) far\u00e1, neste ano, uma temporada de concertos. Para isso, as inscri\u00e7\u00f5es para o primeiro edital\u00a0Concertos de Outono\u00a0se iniciam nesta segunda-feira, 11. A iniciativa pretende promover concertos de m\u00fasica erudita, entre os meses de abril e maio, sempre [&hellip;]<\/p>\n","protected":false},"author":96,"featured_media":133588,"comment_status":"closed","ping_status":"closed","sticky":false,"template":"","format":"standard","meta":{"footnotes":""},"categories":[256,436,262,439],"tags":[],"class_list":["post-133581","post","type-post","status-publish","format-standard","has-post-thumbnail","hentry","category-cultura","category-destaque-da-semana","category-noticias","category-ultima-hora"],"_links":{"self":[{"href":"https:\/\/diarioregionaldigital.com.br\/index.php?rest_route=\/wp\/v2\/posts\/133581","targetHints":{"allow":["GET"]}}],"collection":[{"href":"https:\/\/diarioregionaldigital.com.br\/index.php?rest_route=\/wp\/v2\/posts"}],"about":[{"href":"https:\/\/diarioregionaldigital.com.br\/index.php?rest_route=\/wp\/v2\/types\/post"}],"author":[{"embeddable":true,"href":"https:\/\/diarioregionaldigital.com.br\/index.php?rest_route=\/wp\/v2\/users\/96"}],"replies":[{"embeddable":true,"href":"https:\/\/diarioregionaldigital.com.br\/index.php?rest_route=%2Fwp%2Fv2%2Fcomments&post=133581"}],"version-history":[{"count":0,"href":"https:\/\/diarioregionaldigital.com.br\/index.php?rest_route=\/wp\/v2\/posts\/133581\/revisions"}],"wp:featuredmedia":[{"embeddable":true,"href":"https:\/\/diarioregionaldigital.com.br\/index.php?rest_route=\/wp\/v2\/media\/133588"}],"wp:attachment":[{"href":"https:\/\/diarioregionaldigital.com.br\/index.php?rest_route=%2Fwp%2Fv2%2Fmedia&parent=133581"}],"wp:term":[{"taxonomy":"category","embeddable":true,"href":"https:\/\/diarioregionaldigital.com.br\/index.php?rest_route=%2Fwp%2Fv2%2Fcategories&post=133581"},{"taxonomy":"post_tag","embeddable":true,"href":"https:\/\/diarioregionaldigital.com.br\/index.php?rest_route=%2Fwp%2Fv2%2Ftags&post=133581"}],"curies":[{"name":"wp","href":"https:\/\/api.w.org\/{rel}","templated":true}]}}