{"id":133580,"date":"2019-02-11T17:06:05","date_gmt":"2019-02-11T19:06:05","guid":{"rendered":"https:\/\/diarioregionaldigital.com.br\/?p=133580"},"modified":"2019-02-11T17:06:05","modified_gmt":"2019-02-11T19:06:05","slug":"onibus-tomba-na-br-040","status":"publish","type":"post","link":"https:\/\/diarioregionaldigital.com.br\/?p=133580","title":{"rendered":"\u00d4nibus tomba na BR-040"},"content":{"rendered":"<p>Uma pessoa ficou levemente ferida no in\u00edcio da tarde desta segunda-feira, 11, ap\u00f3s um acidente envolvendo um \u00f4nibus de viagem na BR-040, altura do Km 787, sentido Belo Horizonte.<\/p>\n<p>Segundo as primeiras informa\u00e7\u00f5es, o ve\u00edculo teria rodado na pista, batido na mureta de prote\u00e7\u00e3o e, em seguida, tombou. O motorista do coletivo estaria voltando do Rio de Janeiro sem passageiros.<\/p>\n<p>A Pol\u00edcia Rodovi\u00e1ria foi acionada. Segundo informa\u00e7\u00f5es da Concer, que administra o trecho, o condutor foi encaminhado para a UPA Norte de Juiz de Fora.<\/p>\n<p>A previs\u00e3o de retirada do coletivo da BR-040 \u00e9 no final da tarde desta segunda-feira e a libera\u00e7\u00e3o da pista entre 17h30 e 18h00. Funcion\u00e1rios v\u00e3o fazer a limpeza da pista, que ficou suja com cacos de vidros e estilha\u00e7os do \u00f4nibus nos dois sentidos.<\/p>\n","protected":false},"excerpt":{"rendered":"<p>Uma pessoa ficou levemente ferida no in\u00edcio da tarde desta segunda-feira, 11, ap\u00f3s um acidente envolvendo um \u00f4nibus de viagem na BR-040, altura do Km 787, sentido Belo Horizonte. Segundo as primeiras informa\u00e7\u00f5es, o ve\u00edculo teria rodado na pista, batido na mureta de prote\u00e7\u00e3o e, em seguida, tombou. O motorista do coletivo estaria voltando do [&hellip;]<\/p>\n","protected":false},"author":96,"featured_media":95105,"comment_status":"closed","ping_status":"closed","sticky":false,"template":"","format":"standard","meta":{"footnotes":""},"categories":[436,252,439],"tags":[],"class_list":["post-133580","post","type-post","status-publish","format-standard","has-post-thumbnail","hentry","category-destaque-da-semana","category-regiao","category-ultima-hora"],"_links":{"self":[{"href":"https:\/\/diarioregionaldigital.com.br\/index.php?rest_route=\/wp\/v2\/posts\/133580","targetHints":{"allow":["GET"]}}],"collection":[{"href":"https:\/\/diarioregionaldigital.com.br\/index.php?rest_route=\/wp\/v2\/posts"}],"about":[{"href":"https:\/\/diarioregionaldigital.com.br\/index.php?rest_route=\/wp\/v2\/types\/post"}],"author":[{"embeddable":true,"href":"https:\/\/diarioregionaldigital.com.br\/index.php?rest_route=\/wp\/v2\/users\/96"}],"replies":[{"embeddable":true,"href":"https:\/\/diarioregionaldigital.com.br\/index.php?rest_route=%2Fwp%2Fv2%2Fcomments&post=133580"}],"version-history":[{"count":0,"href":"https:\/\/diarioregionaldigital.com.br\/index.php?rest_route=\/wp\/v2\/posts\/133580\/revisions"}],"wp:featuredmedia":[{"embeddable":true,"href":"https:\/\/diarioregionaldigital.com.br\/index.php?rest_route=\/wp\/v2\/media\/95105"}],"wp:attachment":[{"href":"https:\/\/diarioregionaldigital.com.br\/index.php?rest_route=%2Fwp%2Fv2%2Fmedia&parent=133580"}],"wp:term":[{"taxonomy":"category","embeddable":true,"href":"https:\/\/diarioregionaldigital.com.br\/index.php?rest_route=%2Fwp%2Fv2%2Fcategories&post=133580"},{"taxonomy":"post_tag","embeddable":true,"href":"https:\/\/diarioregionaldigital.com.br\/index.php?rest_route=%2Fwp%2Fv2%2Ftags&post=133580"}],"curies":[{"name":"wp","href":"https:\/\/api.w.org\/{rel}","templated":true}]}}