{"id":133579,"date":"2019-02-11T17:25:03","date_gmt":"2019-02-11T19:25:03","guid":{"rendered":"https:\/\/diarioregionaldigital.com.br\/?p=133579"},"modified":"2019-02-11T17:25:03","modified_gmt":"2019-02-11T19:25:03","slug":"futebol-ufjf-e-tupynambas-lancam-parceria-nas-categorias-de-base-local","status":"publish","type":"post","link":"https:\/\/diarioregionaldigital.com.br\/?p=133579","title":{"rendered":"Futebol UFJF e Tupynamb\u00e1s lan\u00e7am parceria nas categorias de base local"},"content":{"rendered":"<p>O projeto de extens\u00e3o Futebol UFJF, desenvolvido na Faculdade de Educa\u00e7\u00e3o F\u00edsica e Desportos (Faefid) da Universidade Federal de Juiz de Fora (UFJF), e o Tupynamb\u00e1s Futebol Clube acertaram uma parceria para a modalidade de base local, atendendo \u00e0s exig\u00eancias da Federa\u00e7\u00e3o Mineira de Futebol (FMF). De acordo com a entidade, para participar do campeonato de base, o interessado deve ser um clube profissional filiado.<\/p>\n<p>O objetivo \u00e9 preparar os times Sub-15 e Sub-17 do projeto para o Campeonato Mineiro de 2019. O coordenador da iniciativa, professor Marcelo Matta, explica que, como a UFJF n\u00e3o \u00e9 um time profissional, a parceria com um clube da cidade permite a adequa\u00e7\u00e3o \u00e0s exig\u00eancias da Federa\u00e7\u00e3o quanto \u00e0 participa\u00e7\u00e3o na disputa.<\/p>\n<p>De acordo com Matta, a expectativa \u00e9 dar continuidade aos resultados positivos e consolidar ainda mais o futebol de base da UFJF. \u201c\u00c9 a primeira vez que teremos um clube profissional como parceiro do projeto. Al\u00e9m disso, o Tupynamb\u00e1s tem uma hist\u00f3ria e uma torcida muito respeitada na cidade. Por ser um clube que gera muita emo\u00e7\u00e3o para os torcedores, esperamos que seja uma experi\u00eancia diferente e enriquecedora\u201d.<\/p>\n<p>A parceria ser\u00e1 lan\u00e7ada em coletiva de imprensa que acontece nesta quinta-feira, 14, \u00e0s 11h, na Faculdade de Educa\u00e7\u00e3o F\u00edsica e Desportos (Faefid). A coletiva conta com a presen\u00e7a do coordenador do projeto, professor Marcelo Matta, e de representantes da Faefid e do Tupynamb\u00e1s Futebol Clube.<\/p>\n<p><b>O projeto<\/b><\/p>\n<p>Os times Sub-15 e Sub-17 s\u00e3o frutos do projeto de extens\u00e3o Futebol UFJF, desenvolvido na Faculdade de Educa\u00e7\u00e3o F\u00edsica e Desportos (Faefid) e coordenado por Matta. O projeto acontece desde 2014 e j\u00e1 firmou parcerias com o Uberabinha e com a Associa\u00e7\u00e3o de Ensino e Pesquisa em Esporte e Lazer (Asepel). No \u00faltimo ano, o time conquistou pela primeira vez o t\u00edtulo da Segunda Divis\u00e3o do Campeonato Mineiro Sub-17. A equipe sub-15 terminou a fase final em sexto lugar.<\/p>\n<p>O Futebol UFJF conta com a participa\u00e7\u00e3o de alunos da Faculdade de Educa\u00e7\u00e3o F\u00edsica e Desportos (Faefid) da UFJF, que desenvolvem treinamento, arbitragem e prepara\u00e7\u00e3o f\u00edsica, al\u00e9m de integrarem a comiss\u00e3o t\u00e9cnica. Os conhecimentos dos graduandos \u00e9 aplicado junto aos jovens dos bairros do entorno da Universidade \u2013 Dom Bosco e S\u00e3o Pedro, principalmente \u2013 que comp\u00f5em as equipes.<\/p>\n<p>&nbsp;<\/p>\n<p>Fonte: UFJF<\/p>\n","protected":false},"excerpt":{"rendered":"<p>O projeto de extens\u00e3o Futebol UFJF, desenvolvido na Faculdade de Educa\u00e7\u00e3o F\u00edsica e Desportos (Faefid) da Universidade Federal de Juiz de Fora (UFJF), e o Tupynamb\u00e1s Futebol Clube acertaram uma parceria para a modalidade de base local, atendendo \u00e0s exig\u00eancias da Federa\u00e7\u00e3o Mineira de Futebol (FMF). De acordo com a entidade, para participar do campeonato [&hellip;]<\/p>\n","protected":false},"author":96,"featured_media":133585,"comment_status":"closed","ping_status":"closed","sticky":false,"template":"","format":"standard","meta":{"footnotes":""},"categories":[436,257,262,439],"tags":[],"class_list":["post-133579","post","type-post","status-publish","format-standard","has-post-thumbnail","hentry","category-destaque-da-semana","category-esporte","category-noticias","category-ultima-hora"],"_links":{"self":[{"href":"https:\/\/diarioregionaldigital.com.br\/index.php?rest_route=\/wp\/v2\/posts\/133579","targetHints":{"allow":["GET"]}}],"collection":[{"href":"https:\/\/diarioregionaldigital.com.br\/index.php?rest_route=\/wp\/v2\/posts"}],"about":[{"href":"https:\/\/diarioregionaldigital.com.br\/index.php?rest_route=\/wp\/v2\/types\/post"}],"author":[{"embeddable":true,"href":"https:\/\/diarioregionaldigital.com.br\/index.php?rest_route=\/wp\/v2\/users\/96"}],"replies":[{"embeddable":true,"href":"https:\/\/diarioregionaldigital.com.br\/index.php?rest_route=%2Fwp%2Fv2%2Fcomments&post=133579"}],"version-history":[{"count":0,"href":"https:\/\/diarioregionaldigital.com.br\/index.php?rest_route=\/wp\/v2\/posts\/133579\/revisions"}],"wp:featuredmedia":[{"embeddable":true,"href":"https:\/\/diarioregionaldigital.com.br\/index.php?rest_route=\/wp\/v2\/media\/133585"}],"wp:attachment":[{"href":"https:\/\/diarioregionaldigital.com.br\/index.php?rest_route=%2Fwp%2Fv2%2Fmedia&parent=133579"}],"wp:term":[{"taxonomy":"category","embeddable":true,"href":"https:\/\/diarioregionaldigital.com.br\/index.php?rest_route=%2Fwp%2Fv2%2Fcategories&post=133579"},{"taxonomy":"post_tag","embeddable":true,"href":"https:\/\/diarioregionaldigital.com.br\/index.php?rest_route=%2Fwp%2Fv2%2Ftags&post=133579"}],"curies":[{"name":"wp","href":"https:\/\/api.w.org\/{rel}","templated":true}]}}