{"id":133576,"date":"2019-02-11T16:52:54","date_gmt":"2019-02-11T18:52:54","guid":{"rendered":"https:\/\/diarioregionaldigital.com.br\/?p=133576"},"modified":"2019-02-11T16:52:54","modified_gmt":"2019-02-11T18:52:54","slug":"prefeitura-promove-capacitacao-sobre-a-importancia-da-notificacao-de-doencas-para-garantir-a-saude-da-populacao","status":"publish","type":"post","link":"https:\/\/diarioregionaldigital.com.br\/?p=133576","title":{"rendered":"Prefeitura promove capacita\u00e7\u00e3o sobre a import\u00e2ncia da notifica\u00e7\u00e3o de doen\u00e7as para garantir a sa\u00fade da popula\u00e7\u00e3o"},"content":{"rendered":"<p>A Subsecretaria de Vigil\u00e2ncia em Sa\u00fade (SSVS) vai promover uma capacita\u00e7\u00e3o com profissionais da sa\u00fade da rede SUS e da rede privada de Juiz de Fora sobre a import\u00e2ncia da notifica\u00e7\u00e3o de agravos e doen\u00e7as de notifica\u00e7\u00e3o compuls\u00f3ria. Na ter\u00e7a-feira, 12, \u00e0s 14h, no audit\u00f3rio da SSVS, acontece o primeiro encontro direcionado aos administradores e diretores das unidades de sa\u00fade do munic\u00edpio.<\/p>\n<p>A inten\u00e7\u00e3o, segundo o subsecret\u00e1rio de Vigil\u00e2ncia em Sa\u00fade, Rodrigo Almeida, \u00e9 sensibilizar os presentes sobre a import\u00e2ncia das notifica\u00e7\u00f5es. \u00c9 a partir delas que medidas de sa\u00fade s\u00e3o adotadas com o intuito de proteger a popula\u00e7\u00e3o. Neste primeiro encontro, os diretores v\u00e3o indicar os profissionais de cada unidade que v\u00e3o passar pela capacita\u00e7\u00e3o que acontecer\u00e1 no dia 19 de fevereiro.<\/p>\n<p>O encontro conta com o apoio dos departamentos de Vigil\u00e2ncia da Sa\u00fade do Trabalhador (DVISAT), de Vigil\u00e2ncia Epidemiol\u00f3gico e Ambiental (DVEA), de Doen\u00e7as Sexualmente Transmiss\u00edveis, Aids e Hepatites Virais (DDST) e de Vigil\u00e2ncia Sanit\u00e1ria (DVISA).<\/p>\n<p><b>O que \u00e9 doen\u00e7a de notifica\u00e7\u00e3o obrigat\u00f3ria ou compuls\u00f3ria?<\/b><\/p>\n<p>Uma doen\u00e7a de notifica\u00e7\u00e3o obrigat\u00f3ria ou doen\u00e7a de notifica\u00e7\u00e3o compuls\u00f3ria \u00e9 qualquer doen\u00e7a que a lei exija que seja comunicada \u00e0s autoridades de sa\u00fade p\u00fablica. Os dados permitem monitorizar a doen\u00e7a e permitem antever poss\u00edveis surtos.<\/p>\n<p>O principal motivo da notifica\u00e7\u00e3o \u00e9 fornecer para os \u00f3rg\u00e3os competentes informa\u00e7\u00f5es de doen\u00e7as\/agravos\/eventos que s\u00e3o transmiss\u00edveis, apresentam letalidade ou outro tipo de impacto na sa\u00fade. A partir disso, poder\u00e3o ser tomadas medidas de promo\u00e7\u00e3o, prote\u00e7\u00e3o e controle. Vale ressaltar que, na maior parte dos casos, a doen\u00e7a n\u00e3o precisa ser confirmada para que seja realizada o registro. Caso n\u00e3o sejam notificados os casos suspeitos, pode-se perder ou comprometer a oportunidade de intervir de forma oportuna, eficaz e eficiente na dissemina\u00e7\u00e3o da doen\u00e7a.<\/p>\n<p>&nbsp;<\/p>\n<p>Fonte: PJF<\/p>\n","protected":false},"excerpt":{"rendered":"<p>A Subsecretaria de Vigil\u00e2ncia em Sa\u00fade (SSVS) vai promover uma capacita\u00e7\u00e3o com profissionais da sa\u00fade da rede SUS e da rede privada de Juiz de Fora sobre a import\u00e2ncia da notifica\u00e7\u00e3o de agravos e doen\u00e7as de notifica\u00e7\u00e3o compuls\u00f3ria. Na ter\u00e7a-feira, 12, \u00e0s 14h, no audit\u00f3rio da SSVS, acontece o primeiro encontro direcionado aos administradores e [&hellip;]<\/p>\n","protected":false},"author":96,"featured_media":133577,"comment_status":"closed","ping_status":"closed","sticky":false,"template":"","format":"standard","meta":{"footnotes":""},"categories":[253,436,262,439],"tags":[],"class_list":["post-133576","post","type-post","status-publish","format-standard","has-post-thumbnail","hentry","category-cidade","category-destaque-da-semana","category-noticias","category-ultima-hora"],"_links":{"self":[{"href":"https:\/\/diarioregionaldigital.com.br\/index.php?rest_route=\/wp\/v2\/posts\/133576","targetHints":{"allow":["GET"]}}],"collection":[{"href":"https:\/\/diarioregionaldigital.com.br\/index.php?rest_route=\/wp\/v2\/posts"}],"about":[{"href":"https:\/\/diarioregionaldigital.com.br\/index.php?rest_route=\/wp\/v2\/types\/post"}],"author":[{"embeddable":true,"href":"https:\/\/diarioregionaldigital.com.br\/index.php?rest_route=\/wp\/v2\/users\/96"}],"replies":[{"embeddable":true,"href":"https:\/\/diarioregionaldigital.com.br\/index.php?rest_route=%2Fwp%2Fv2%2Fcomments&post=133576"}],"version-history":[{"count":0,"href":"https:\/\/diarioregionaldigital.com.br\/index.php?rest_route=\/wp\/v2\/posts\/133576\/revisions"}],"wp:featuredmedia":[{"embeddable":true,"href":"https:\/\/diarioregionaldigital.com.br\/index.php?rest_route=\/wp\/v2\/media\/133577"}],"wp:attachment":[{"href":"https:\/\/diarioregionaldigital.com.br\/index.php?rest_route=%2Fwp%2Fv2%2Fmedia&parent=133576"}],"wp:term":[{"taxonomy":"category","embeddable":true,"href":"https:\/\/diarioregionaldigital.com.br\/index.php?rest_route=%2Fwp%2Fv2%2Fcategories&post=133576"},{"taxonomy":"post_tag","embeddable":true,"href":"https:\/\/diarioregionaldigital.com.br\/index.php?rest_route=%2Fwp%2Fv2%2Ftags&post=133576"}],"curies":[{"name":"wp","href":"https:\/\/api.w.org\/{rel}","templated":true}]}}