{"id":133529,"date":"2019-02-09T16:36:59","date_gmt":"2019-02-09T18:36:59","guid":{"rendered":"https:\/\/diarioregionaldigital.com.br\/?p=133529"},"modified":"2019-02-09T16:36:59","modified_gmt":"2019-02-09T18:36:59","slug":"dois-jovens-feridos-em-incendio-no-ninho-do-urubu-estao-fora-de-perigo","status":"publish","type":"post","link":"https:\/\/diarioregionaldigital.com.br\/?p=133529","title":{"rendered":"Dois jovens feridos em inc\u00eandio no Ninho do Urubu est\u00e3o fora de perigo"},"content":{"rendered":"<p>Dois dos\u00a0jovens atletas do Flamengo que ficaram feridos durante inc\u00eandio no Centro de Treinamento do Ninho do Urubu, na Vargem Grande, est\u00e3o fora de perigo. A informa\u00e7\u00e3o \u00e9 da assessoria do Hospital Vit\u00f3ria, na Barra da Tijuca, onde est\u00e3o internados\u00a0Cau\u00e3 Emanuel, de 14 anos, e Francisco Diego, de 15.<\/p>\n<p>Os jovens inalaram muita fuma\u00e7a durante o inc\u00eandio, na madrugada de\u00a0sexta-feira, 8. Segundo o hospital, o estado de sa\u00fade deles n\u00e3o \u00e9 grave. Os dois atletas s\u00e3o do Cear\u00e1. Cau\u00e3 chegou ao clube quando tinha 11 anos de idade e\u00a0Francisco, no ano passado.<\/p>\n<p>Na hora do inc\u00eandio, 26 atletas dormiam no alojamento. Tr\u00eas ficaram feridos e 13 conseguiram escapar.<\/p>\n<p>O estado mais grave \u00e9 de Jonatha Ventura, de 15 anos. Ele teve queimaduras em 30% do corpo e foi transferido pela prefeitura do Rio de Janeiro para o Hospital Municipal Pedro II, em Santa Cruz, por ser refer\u00eancia em tratamento de queimados.<\/p>\n<h2>Vel\u00f3rio<\/h2>\n<p>O Clube de Regatas do Flamengo ofereceu o sal\u00e3o nobre da sede da G\u00e1vea, na zona sul do Rio, para realizar o vel\u00f3rio coletivo das\u00a0v\u00edtimas da trag\u00e9dia. As fam\u00edlias dos\u00a0atletas ainda n\u00e3o se pronunciaram sobre a inten\u00e7\u00e3o do clube. Entre os mortos, h\u00e1 atletas de Minas Gerais, Santa Catarina, Sergipe, S\u00e3o Paulo e Volta Redonda, no sul fluminense, distante 125 quil\u00f4metros da capital. As fam\u00edlias podem decidir fazer o vel\u00f3rio na cidade\u00a0natal\u00a0das v\u00edtimas.<\/p>\n","protected":false},"excerpt":{"rendered":"<p>Dois dos\u00a0jovens atletas do Flamengo que ficaram feridos durante inc\u00eandio no Centro de Treinamento do Ninho do Urubu, na Vargem Grande, est\u00e3o fora de perigo. A informa\u00e7\u00e3o \u00e9 da assessoria do Hospital Vit\u00f3ria, na Barra da Tijuca, onde est\u00e3o internados\u00a0Cau\u00e3 Emanuel, de 14 anos, e Francisco Diego, de 15. Os jovens inalaram muita fuma\u00e7a durante [&hellip;]<\/p>\n","protected":false},"author":96,"featured_media":133530,"comment_status":"closed","ping_status":"closed","sticky":false,"template":"","format":"standard","meta":{"footnotes":""},"categories":[302,436,439],"tags":[],"class_list":["post-133529","post","type-post","status-publish","format-standard","has-post-thumbnail","hentry","category-brasil-mundo","category-destaque-da-semana","category-ultima-hora"],"_links":{"self":[{"href":"https:\/\/diarioregionaldigital.com.br\/index.php?rest_route=\/wp\/v2\/posts\/133529","targetHints":{"allow":["GET"]}}],"collection":[{"href":"https:\/\/diarioregionaldigital.com.br\/index.php?rest_route=\/wp\/v2\/posts"}],"about":[{"href":"https:\/\/diarioregionaldigital.com.br\/index.php?rest_route=\/wp\/v2\/types\/post"}],"author":[{"embeddable":true,"href":"https:\/\/diarioregionaldigital.com.br\/index.php?rest_route=\/wp\/v2\/users\/96"}],"replies":[{"embeddable":true,"href":"https:\/\/diarioregionaldigital.com.br\/index.php?rest_route=%2Fwp%2Fv2%2Fcomments&post=133529"}],"version-history":[{"count":0,"href":"https:\/\/diarioregionaldigital.com.br\/index.php?rest_route=\/wp\/v2\/posts\/133529\/revisions"}],"wp:featuredmedia":[{"embeddable":true,"href":"https:\/\/diarioregionaldigital.com.br\/index.php?rest_route=\/wp\/v2\/media\/133530"}],"wp:attachment":[{"href":"https:\/\/diarioregionaldigital.com.br\/index.php?rest_route=%2Fwp%2Fv2%2Fmedia&parent=133529"}],"wp:term":[{"taxonomy":"category","embeddable":true,"href":"https:\/\/diarioregionaldigital.com.br\/index.php?rest_route=%2Fwp%2Fv2%2Fcategories&post=133529"},{"taxonomy":"post_tag","embeddable":true,"href":"https:\/\/diarioregionaldigital.com.br\/index.php?rest_route=%2Fwp%2Fv2%2Ftags&post=133529"}],"curies":[{"name":"wp","href":"https:\/\/api.w.org\/{rel}","templated":true}]}}