{"id":133527,"date":"2019-02-09T16:30:48","date_gmt":"2019-02-09T18:30:48","guid":{"rendered":"https:\/\/diarioregionaldigital.com.br\/?p=133527"},"modified":"2019-02-09T16:30:48","modified_gmt":"2019-02-09T18:30:48","slug":"processo-da-vale-tem-sigilo-suspenso-e-foi-redistribuido","status":"publish","type":"post","link":"https:\/\/diarioregionaldigital.com.br\/?p=133527","title":{"rendered":"Processo da Vale tem sigilo suspenso e foi redistribu\u00eddo"},"content":{"rendered":"<p>O processo relativo \u00e0 atua\u00e7\u00e3o da Mineradora Vale, que tramitava na 22\u00aa Vara C\u00edvel de Belo Horizonte, foi redistribu\u00eddo para a 1\u00aa Vara da Fazenda P\u00fablica Estadual e o sigilo foi suspenso.<\/p>\n<p>O sigilo havia sido requerido pelo Minist\u00e9rio P\u00fablico Estadual (MPE) com a justificativa de prote\u00e7\u00e3o do interesse p\u00fablico. Mas foi o mesmo interesse p\u00fablico que motivou a suspens\u00e3o do sigilo, por parte da ju\u00edza L\u00edlian Bastos.<\/p>\n<p>O objetivo \u00e9 garantir \u00e0 popula\u00e7\u00e3o o direito \u00e0 informa\u00e7\u00e3o e o conhecimento da real situa\u00e7\u00e3o das barragens de conten\u00e7\u00e3o e\/ou ac\u00famulo rejeitos de min\u00e9rio localizados no Estado e da verdadeira exist\u00eancia ou n\u00e3o de risco \u00e0 popula\u00e7\u00e3o e ao meio ambiente.<\/p>\n<p>Os pedidos formulados na inicial visam \u00e0 obten\u00e7\u00e3o de informa\u00e7\u00f5es sobre as barragens e aos esclarecimentos sobre a atua\u00e7\u00e3o dessas, bem como \u00e0 ado\u00e7\u00e3o de medidas destinadas a evitar os danos j\u00e1 ocorridos nos rompimentos de Mariana e Brumadinho.<\/p>\n<p>A Vale, em suas manifesta\u00e7\u00f5es, afirma que as estruturas listadas pelo MPE s\u00e3o est\u00e1veis, atestadas por laudos e empresas s\u00e9rias, com autoriza\u00e7\u00f5es de funcionamento em vigor, inexistindo os riscos apontados, e busca demonstrar a veracidade das informa\u00e7\u00f5es por meio da juntada de documentos.<\/p>\n<p><b>Altera\u00e7\u00e3o de compet\u00eancia<\/b><\/p>\n<p>A Advocacia\u00a0Geral do Estado manifestou interesse jur\u00eddico e requereu, em audi\u00eancia realizada, na sexta-feira, 8, na 22\u00aa Vara C\u00edvel, sua inclus\u00e3o como parte no processo, o que gerou altera\u00e7\u00e3o de compet\u00eancia.<\/p>\n<p>O argumento foi o de que o licenciamento ambiental poderia ser afetado pelas conclus\u00f5es das auditorias requeridas. A liminar permanece inalterada.<\/p>\n<p>Fonte: TJMG<\/p>\n","protected":false},"excerpt":{"rendered":"<p>O processo relativo \u00e0 atua\u00e7\u00e3o da Mineradora Vale, que tramitava na 22\u00aa Vara C\u00edvel de Belo Horizonte, foi redistribu\u00eddo para a 1\u00aa Vara da Fazenda P\u00fablica Estadual e o sigilo foi suspenso. O sigilo havia sido requerido pelo Minist\u00e9rio P\u00fablico Estadual (MPE) com a justificativa de prote\u00e7\u00e3o do interesse p\u00fablico. Mas foi o mesmo interesse [&hellip;]<\/p>\n","protected":false},"author":96,"featured_media":132074,"comment_status":"closed","ping_status":"closed","sticky":false,"template":"","format":"standard","meta":{"footnotes":""},"categories":[436,252,439],"tags":[],"class_list":["post-133527","post","type-post","status-publish","format-standard","has-post-thumbnail","hentry","category-destaque-da-semana","category-regiao","category-ultima-hora"],"_links":{"self":[{"href":"https:\/\/diarioregionaldigital.com.br\/index.php?rest_route=\/wp\/v2\/posts\/133527","targetHints":{"allow":["GET"]}}],"collection":[{"href":"https:\/\/diarioregionaldigital.com.br\/index.php?rest_route=\/wp\/v2\/posts"}],"about":[{"href":"https:\/\/diarioregionaldigital.com.br\/index.php?rest_route=\/wp\/v2\/types\/post"}],"author":[{"embeddable":true,"href":"https:\/\/diarioregionaldigital.com.br\/index.php?rest_route=\/wp\/v2\/users\/96"}],"replies":[{"embeddable":true,"href":"https:\/\/diarioregionaldigital.com.br\/index.php?rest_route=%2Fwp%2Fv2%2Fcomments&post=133527"}],"version-history":[{"count":0,"href":"https:\/\/diarioregionaldigital.com.br\/index.php?rest_route=\/wp\/v2\/posts\/133527\/revisions"}],"wp:featuredmedia":[{"embeddable":true,"href":"https:\/\/diarioregionaldigital.com.br\/index.php?rest_route=\/wp\/v2\/media\/132074"}],"wp:attachment":[{"href":"https:\/\/diarioregionaldigital.com.br\/index.php?rest_route=%2Fwp%2Fv2%2Fmedia&parent=133527"}],"wp:term":[{"taxonomy":"category","embeddable":true,"href":"https:\/\/diarioregionaldigital.com.br\/index.php?rest_route=%2Fwp%2Fv2%2Fcategories&post=133527"},{"taxonomy":"post_tag","embeddable":true,"href":"https:\/\/diarioregionaldigital.com.br\/index.php?rest_route=%2Fwp%2Fv2%2Ftags&post=133527"}],"curies":[{"name":"wp","href":"https:\/\/api.w.org\/{rel}","templated":true}]}}