{"id":133524,"date":"2019-02-09T16:19:40","date_gmt":"2019-02-09T18:19:40","guid":{"rendered":"https:\/\/diarioregionaldigital.com.br\/?p=133524"},"modified":"2019-02-09T16:19:40","modified_gmt":"2019-02-09T18:19:40","slug":"bolsonaro-concede-indulto-a-presos-com-doencas-graves","status":"publish","type":"post","link":"https:\/\/diarioregionaldigital.com.br\/?p=133524","title":{"rendered":"Bolsonaro concede indulto a presos com doen\u00e7as graves"},"content":{"rendered":"<p>O presidente Jair Bolsonaro assinou decreto de indulto para conceder liberdade a presos portadores de doen\u00e7as graves e em estado terminal. Assinado ontem, 8, o decreto ser\u00e1 publicado na edi\u00e7\u00e3o desta segunda-feira, 11, do\u00a0<em>Di\u00e1rio Oficial da Uni\u00e3o<\/em>.<\/p>\n<p>O texto prev\u00ea indulto nos seguintes casos: paraplegia, tetraplegia ou cegueira adquirida posteriormente \u00e0 pr\u00e1tica do delito ou dele consequente. A condi\u00e7\u00e3o precisa ser comprovada por laudo m\u00e9dico oficial ou por m\u00e9dico designado pelo juiz executor da pena. Tamb\u00e9m foram beneficiados os presos com doen\u00e7as permanentes que imponham limita\u00e7\u00e3o de atividade e que exijam cuidados cont\u00ednuos que n\u00e3o possam ser prestados no estabelecimento penal.<\/p>\n<p>Portadores de doen\u00e7a grave, de c\u00e2ncer ou de aids tamb\u00e9m receber\u00e3o o indulto, desde que em est\u00e1gio terminal. A partir da publica\u00e7\u00e3o do decreto, caber\u00e1 ao juiz do processo conceder ou rejeitar o perd\u00e3o da pena. A medida ser\u00e1 aplicada ap\u00f3s o juiz ouvir o Minist\u00e9rio P\u00fablico (MP) e a defesa do condenado, na hip\u00f3tese de condenado prim\u00e1rio, desde que n\u00e3o haja recurso da senten\u00e7a interposto pela acusa\u00e7\u00e3o.<\/p>\n<h2>Restri\u00e7\u00f5es<\/h2>\n<p>O decreto tem restri\u00e7\u00f5es. Est\u00e1 proibido o indulto a condenados por corrup\u00e7\u00e3o (ativa e passiva), crimes hediondos, de tortura e tr\u00e1fico de drogas. Tamb\u00e9m n\u00e3o ser\u00e3o libertados presos condenados por crimes cometidos com grave viol\u00eancia contra pessoa, por envolvimento com organiza\u00e7\u00f5es criminosas, terrorismo, viola\u00e7\u00e3o e ass\u00e9dio sexual.<\/p>\n<p>Outros crimes n\u00e3o contemplados no decreto s\u00e3o estupro de vulner\u00e1vel, corrup\u00e7\u00e3o de menores, satisfa\u00e7\u00e3o de lasc\u00edvia mediante presen\u00e7a de crian\u00e7a ou adolescente e favorecimento da prostitui\u00e7\u00e3o ou de outra forma de explora\u00e7\u00e3o sexual de crian\u00e7a ou adolescente ou de vulner\u00e1vel.<\/p>\n<p>O decreto pro\u00edbe ainda o indulto aos condenados por peculato, concuss\u00e3o e tr\u00e1fico de influ\u00eancia. A medida tamb\u00e9m exclui aqueles que tiveram a pena privativa de liberdade substitu\u00edda por restritiva de direitos ou multa, que tiveram suspens\u00e3o condicional do processo e nos casos em que a acusa\u00e7\u00e3o recorreu ap\u00f3s o julgamento em segunda inst\u00e2ncia.<\/p>\n<h2>Lista<\/h2>\n<p>A lista da pessoas que entram nos requisitos dever\u00e1 ser encaminhada \u00e0 Defensoria P\u00fablica, ao MP, ao Conselho Penitenci\u00e1rio e ao ju\u00edzo da execu\u00e7\u00e3o pela autoridade que detiver a cust\u00f3dia dos presos.<\/p>\n<p>De acordo com o texto, caber\u00e1 ao condenado, a seu representante, ao c\u00f4njuge, companheiro, ascendente, descendente ou \u00e0 sua defesa dar in\u00edcio ao procedimento. O indulto tramitar\u00e1 de of\u00edcio, quando os \u00f3rg\u00e3os de execu\u00e7\u00e3o penal n\u00e3o se manifestarem.<\/p>\n<p>Bolsonaro assinou o decreto no Hospital Albert Einstein, em S\u00e3o Paulo. Ele est\u00e1 internado no local desde o dia 28 em raz\u00e3o de uma cirurgia para retirar bolsa de colostomia e religar o intestino.<\/p>\n<p>Fonte: Ag\u00eancia Brasil<\/p>\n","protected":false},"excerpt":{"rendered":"<p>O presidente Jair Bolsonaro assinou decreto de indulto para conceder liberdade a presos portadores de doen\u00e7as graves e em estado terminal. Assinado ontem, 8, o decreto ser\u00e1 publicado na edi\u00e7\u00e3o desta segunda-feira, 11, do\u00a0Di\u00e1rio Oficial da Uni\u00e3o. O texto prev\u00ea indulto nos seguintes casos: paraplegia, tetraplegia ou cegueira adquirida posteriormente \u00e0 pr\u00e1tica do delito ou [&hellip;]<\/p>\n","protected":false},"author":96,"featured_media":133525,"comment_status":"closed","ping_status":"closed","sticky":false,"template":"","format":"standard","meta":{"footnotes":""},"categories":[302,436,439],"tags":[],"class_list":["post-133524","post","type-post","status-publish","format-standard","has-post-thumbnail","hentry","category-brasil-mundo","category-destaque-da-semana","category-ultima-hora"],"_links":{"self":[{"href":"https:\/\/diarioregionaldigital.com.br\/index.php?rest_route=\/wp\/v2\/posts\/133524","targetHints":{"allow":["GET"]}}],"collection":[{"href":"https:\/\/diarioregionaldigital.com.br\/index.php?rest_route=\/wp\/v2\/posts"}],"about":[{"href":"https:\/\/diarioregionaldigital.com.br\/index.php?rest_route=\/wp\/v2\/types\/post"}],"author":[{"embeddable":true,"href":"https:\/\/diarioregionaldigital.com.br\/index.php?rest_route=\/wp\/v2\/users\/96"}],"replies":[{"embeddable":true,"href":"https:\/\/diarioregionaldigital.com.br\/index.php?rest_route=%2Fwp%2Fv2%2Fcomments&post=133524"}],"version-history":[{"count":0,"href":"https:\/\/diarioregionaldigital.com.br\/index.php?rest_route=\/wp\/v2\/posts\/133524\/revisions"}],"wp:featuredmedia":[{"embeddable":true,"href":"https:\/\/diarioregionaldigital.com.br\/index.php?rest_route=\/wp\/v2\/media\/133525"}],"wp:attachment":[{"href":"https:\/\/diarioregionaldigital.com.br\/index.php?rest_route=%2Fwp%2Fv2%2Fmedia&parent=133524"}],"wp:term":[{"taxonomy":"category","embeddable":true,"href":"https:\/\/diarioregionaldigital.com.br\/index.php?rest_route=%2Fwp%2Fv2%2Fcategories&post=133524"},{"taxonomy":"post_tag","embeddable":true,"href":"https:\/\/diarioregionaldigital.com.br\/index.php?rest_route=%2Fwp%2Fv2%2Ftags&post=133524"}],"curies":[{"name":"wp","href":"https:\/\/api.w.org\/{rel}","templated":true}]}}