{"id":133519,"date":"2019-02-09T15:05:55","date_gmt":"2019-02-09T17:05:55","guid":{"rendered":"https:\/\/diarioregionaldigital.com.br\/?p=133519"},"modified":"2019-02-09T15:05:55","modified_gmt":"2019-02-09T17:05:55","slug":"disque-100-vai-receber-denuncias-sobre-irregularidades-em-centros-de-treinamento-esportivo","status":"publish","type":"post","link":"https:\/\/diarioregionaldigital.com.br\/?p=133519","title":{"rendered":"Disque 100 vai receber den\u00fancias sobre irregularidades em Centros de Treinamento Esportivo"},"content":{"rendered":"<p>O Disque 100 vai receber\u00a0den\u00fancias que envolvam a viola\u00e7\u00e3o de direitos em alojamentos e Centros de Treinamento (CTs) esportivos. A medida foi anunciada pelo Minist\u00e9rio da Mulher, Fam\u00edlia e Direitos Humanos,\u00a0na sexta-feira, 8, para prevenir incidentes como o do centro de treinamento do Flamengo.<span data-ccp-props=\"{&quot;201341983&quot;:0,&quot;335559739&quot;:160,&quot;335559740&quot;:259}\">\u00a0<\/span><\/p>\n<p><span data-ccp-props=\"{&quot;201341983&quot;:0,&quot;335559739&quot;:160,&quot;335559740&quot;:259}\">\u201cAl\u00e9m das investiga\u00e7\u00f5es e medidas de repara\u00e7\u00e3o, vamos ressaltar a import\u00e2ncia de a\u00e7\u00f5es preventivas, do cuidado para evitar situa\u00e7\u00f5es semelhantes. Neste sentido, o Disque 100 vai atuar no conjunto destas a\u00e7\u00f5es espec\u00edficas e de preven\u00e7\u00e3o\u201d, afirmou a ministra\u00a0Damares\u00a0Alves.\u00a0<\/span><\/p>\n<p>O servi\u00e7o j\u00e1 funciona 24 horas por\u00a0dias, em todo o Pa\u00eds.\u00a0As liga\u00e7\u00f5es podem ser feitas de todo o Brasil por meio de discagem gratuita, de qualquer terminal telef\u00f4nico fixo ou m\u00f3vel (celular), bastando discar 100. O servi\u00e7o tamb\u00e9m pode ser acionado por meio do aplicativo Proteja Brasil e do site Humaniza Redes.<span data-ccp-props=\"{&quot;201341983&quot;:0,&quot;335559739&quot;:160,&quot;335559740&quot;:259}\">\u00a0<\/span><\/p>\n<p>Fonte:\u00a0Minist\u00e9rio da Mulher, Fam\u00edlia e Direitos Humanos<\/p>\n","protected":false},"excerpt":{"rendered":"<p>O Disque 100 vai receber\u00a0den\u00fancias que envolvam a viola\u00e7\u00e3o de direitos em alojamentos e Centros de Treinamento (CTs) esportivos. A medida foi anunciada pelo Minist\u00e9rio da Mulher, Fam\u00edlia e Direitos Humanos,\u00a0na sexta-feira, 8, para prevenir incidentes como o do centro de treinamento do Flamengo.\u00a0 \u201cAl\u00e9m das investiga\u00e7\u00f5es e medidas de repara\u00e7\u00e3o, vamos ressaltar a import\u00e2ncia [&hellip;]<\/p>\n","protected":false},"author":96,"featured_media":133520,"comment_status":"closed","ping_status":"closed","sticky":false,"template":"","format":"standard","meta":{"footnotes":""},"categories":[302,436,439],"tags":[],"class_list":["post-133519","post","type-post","status-publish","format-standard","has-post-thumbnail","hentry","category-brasil-mundo","category-destaque-da-semana","category-ultima-hora"],"_links":{"self":[{"href":"https:\/\/diarioregionaldigital.com.br\/index.php?rest_route=\/wp\/v2\/posts\/133519","targetHints":{"allow":["GET"]}}],"collection":[{"href":"https:\/\/diarioregionaldigital.com.br\/index.php?rest_route=\/wp\/v2\/posts"}],"about":[{"href":"https:\/\/diarioregionaldigital.com.br\/index.php?rest_route=\/wp\/v2\/types\/post"}],"author":[{"embeddable":true,"href":"https:\/\/diarioregionaldigital.com.br\/index.php?rest_route=\/wp\/v2\/users\/96"}],"replies":[{"embeddable":true,"href":"https:\/\/diarioregionaldigital.com.br\/index.php?rest_route=%2Fwp%2Fv2%2Fcomments&post=133519"}],"version-history":[{"count":0,"href":"https:\/\/diarioregionaldigital.com.br\/index.php?rest_route=\/wp\/v2\/posts\/133519\/revisions"}],"wp:featuredmedia":[{"embeddable":true,"href":"https:\/\/diarioregionaldigital.com.br\/index.php?rest_route=\/wp\/v2\/media\/133520"}],"wp:attachment":[{"href":"https:\/\/diarioregionaldigital.com.br\/index.php?rest_route=%2Fwp%2Fv2%2Fmedia&parent=133519"}],"wp:term":[{"taxonomy":"category","embeddable":true,"href":"https:\/\/diarioregionaldigital.com.br\/index.php?rest_route=%2Fwp%2Fv2%2Fcategories&post=133519"},{"taxonomy":"post_tag","embeddable":true,"href":"https:\/\/diarioregionaldigital.com.br\/index.php?rest_route=%2Fwp%2Fv2%2Ftags&post=133519"}],"curies":[{"name":"wp","href":"https:\/\/api.w.org\/{rel}","templated":true}]}}