{"id":133505,"date":"2019-02-09T14:12:21","date_gmt":"2019-02-09T16:12:21","guid":{"rendered":"https:\/\/diarioregionaldigital.com.br\/?p=133505"},"modified":"2019-02-09T14:12:21","modified_gmt":"2019-02-09T16:12:21","slug":"26-pessoas-foram-presas-durante-megaoperacao-da-policia-civil-em-juiz-de-fora","status":"publish","type":"post","link":"https:\/\/diarioregionaldigital.com.br\/?p=133505","title":{"rendered":"26 pessoas foram presas durante megaopera\u00e7\u00e3o da Pol\u00edcia Civil em Juiz de Fora"},"content":{"rendered":"<p>At\u00e9 o momento, 26 pessoas foram presas durante uma megaopera\u00e7\u00e3o da Pol\u00edcia Civil realizada, neste s\u00e1bado, 9, em Juiz de Fora, nos Bairros JK, S\u00e3o Benedito, Ipiranga, Aeroporto e Grambery. A a\u00e7\u00e3o, desencadeada durante a madrugada, tem como objetivo o combate do tr\u00e1fico de drogas, lavagem de dinheiro e o crime organizado.<\/p>\n<p>Durante a a\u00e7\u00e3o, foram cumpridos mandados de busca e apreens\u00e3o e de mandados de pris\u00e3o que culminaram no desmantelamento de uma organiza\u00e7\u00e3o criminosa, envolvida nos crimes de tr\u00e1fico de drogas, lavagem de dinheiro, associa\u00e7\u00e3o para o tr\u00e1fico, recepta\u00e7\u00e3o e porte ilegal de arma de fogo. Al\u00e9m disso, os suspeitos teriam participa\u00e7\u00e3o em homic\u00eddios ocorridos na cidade.<\/p>\n<p>Segundo as informa\u00e7\u00f5es da Pol\u00edcia Civil, entre os presos est\u00e3o os que chefiavam o grupo, dois dos tr\u00eas \u201cIrm\u00e3os Metralha\u201d, grupo de traficantes que comandava a regi\u00e3o do bairro S\u00e3o Benedito e adjac\u00eancias. Tamb\u00e9m foram apreendidos dez carros, um adolescente, droga, R$120 mil, e diversos outros materiais.<\/p>\n<div id=\"attachment_133507\" style=\"width: 566px\" class=\"wp-caption aligncenter\"><img loading=\"lazy\" decoding=\"async\" aria-describedby=\"caption-attachment-133507\" class=\" wp-image-133507\" src=\"https:\/\/diarioregionaldigital.com.br\/wp-content\/uploads\/2019\/02\/WhatsApp-Image-2019-02-09-at-11.45.30-300x169.jpeg\" alt=\"\" width=\"556\" height=\"313\" srcset=\"https:\/\/diarioregionaldigital.com.br\/wp-content\/uploads\/2019\/02\/WhatsApp-Image-2019-02-09-at-11.45.30-300x169.jpeg 300w, https:\/\/diarioregionaldigital.com.br\/wp-content\/uploads\/2019\/02\/WhatsApp-Image-2019-02-09-at-11.45.30-768x432.jpeg 768w, https:\/\/diarioregionaldigital.com.br\/wp-content\/uploads\/2019\/02\/WhatsApp-Image-2019-02-09-at-11.45.30-1024x576.jpeg 1024w, https:\/\/diarioregionaldigital.com.br\/wp-content\/uploads\/2019\/02\/WhatsApp-Image-2019-02-09-at-11.45.30-360x203.jpeg 360w, https:\/\/diarioregionaldigital.com.br\/wp-content\/uploads\/2019\/02\/WhatsApp-Image-2019-02-09-at-11.45.30.jpeg 1152w\" sizes=\"auto, (max-width: 556px) 100vw, 556px\" \/><p id=\"caption-attachment-133507\" class=\"wp-caption-text\">Parte dos itens apreendidos. Foto: Divulga\u00e7\u00e3o PCMG<\/p><\/div>\n<p>Participaram da megaopera\u00e7\u00e3o a Chefe do 4\u00ba Departamento de Pol\u00edcia Civil em Juiz de Fora (4\u00ba DEPPC), Delegada-Geral Patr\u00edcia Ribeiro de Souza Oliveira, acompanhada do Delegado Regional de Juiz de Fora, Dr Armando Avolio Neto, do Titular da Delegacia Especializada Antidrogas, Delegado Rog\u00e9rio Woyame, e dos Delegados \u00c2ngela Fellet Miranda Chaves Rodrigues, Hugo Leonardo Vicente Alves e Fernando da Silva Miranda. A a\u00e7\u00e3o contou com o apoio de cerca de 120 policiais civis da \u00e1rea do 4\u00ba DEPPC, unidade que abrange as Delegacias Regionais de Juiz de fora, Ub\u00e1, Leopoldina e Muria\u00e9. Al\u00e9m disso, o canil da PCMG, em Belo Horizonte, auxiliou os trabalhos com a participa\u00e7\u00e3o de dois c\u00e3es farejadores. Drones tamb\u00e9m foram usados nas dilig\u00eancias.<\/p>\n<p>O Delegado Rog\u00e9rio Woyame explicou que os intensos trabalhos de investiga\u00e7\u00e3o se iniciaram h\u00e1 mais de um ano. \u201cEssas pessoas, que j\u00e1 estavam na cidade atuando h\u00e1 muito tempo, j\u00e1 foram presas por tr\u00e1fico e continuaram atuando com o dinheiro que ganhavam com o tr\u00e1fico de drogas. Ent\u00e3o, iniciamos um trabalho importante, que \u00e9 o trabalho de n\u00e3o s\u00f3 identificar os donos da droga, que eram as pessoas que comandavam o bairro, que enriqueceram com o tr\u00e1fico. Passamos a trabalhar com a lavagem de dinheiro para atingir o patrim\u00f4nio desses chefes do tr\u00e1fico\u201d, disse, ressaltando que familiares tamb\u00e9m integravam essa organiza\u00e7\u00e3o. \u201cTemos diversos bens que j\u00e1 foram relacionados para a Justi\u00e7a para serem aprendidos e sequestrados, a fim de atingir o patrim\u00f4nio da organiza\u00e7\u00e3o criminosa\u201d, contou.<\/p>\n<p>Segundo o Delegado Regional Armando Avolio Neto, foi mais uma opera\u00e7\u00e3o exitosa da Pol\u00edcia Civil que utilizou de recursos da intelig\u00eancia policial para retirar a droga de circula\u00e7\u00e3o e os traficantes. \u201cMas tamb\u00e9m o patrim\u00f4nio deles, possibilitando, assim, que eles n\u00e3o voltem a traficar ou a dominar certos bairros aqui em Juiz de Fora. Tivemos muitas pris\u00f5es e prendemos \u2018os cabe\u00e7as\u2019 dessa organiza\u00e7\u00e3o, que \u00e9 o principal, e ainda teremos mais dilig\u00eancias\u201d, destacou.<\/p>\n<p>J\u00e1 a Chefe do 4\u00ba DEPPC, Delegada-Geral Patr\u00edcia Ribeiro de Souza Oliveira, ressaltou a relev\u00e2ncia da megaopera\u00e7\u00e3o. \u201c\u00c9 uma investiga\u00e7\u00e3o que vem ocorrendo h\u00e1 bastante tempo, comandada pelo Delegado Rog\u00e9rio Woyame e equipe da Delegacia Antidrogas, baseada no trabalho de intelig\u00eancia, usando recursos, n\u00e3o s\u00f3 da nossa ag\u00eancia, como de Belo Horizonte, do Laborat\u00f3rio de Lavagem de Dinheiro. \u00c9 de uma import\u00e2ncia muito grande para a cidade, pois, al\u00e9m das pris\u00f5es, h\u00e1 dez ve\u00edculos apreendidos, dinheiro e acreditamos que, com isso, vai enfraquecer o poder econ\u00f4mico deles, impactando na diminui\u00e7\u00e3o do tr\u00e1fico de drogas na cidade\u201d, concluiu.<\/p>\n<div id=\"attachment_133508\" style=\"width: 564px\" class=\"wp-caption aligncenter\"><img loading=\"lazy\" decoding=\"async\" aria-describedby=\"caption-attachment-133508\" class=\" wp-image-133508\" src=\"https:\/\/diarioregionaldigital.com.br\/wp-content\/uploads\/2019\/02\/WhatsApp-Image-2019-02-09-at-09.37.40-300x169.jpeg\" alt=\"\" width=\"554\" height=\"312\" srcset=\"https:\/\/diarioregionaldigital.com.br\/wp-content\/uploads\/2019\/02\/WhatsApp-Image-2019-02-09-at-09.37.40-300x169.jpeg 300w, https:\/\/diarioregionaldigital.com.br\/wp-content\/uploads\/2019\/02\/WhatsApp-Image-2019-02-09-at-09.37.40-768x432.jpeg 768w, https:\/\/diarioregionaldigital.com.br\/wp-content\/uploads\/2019\/02\/WhatsApp-Image-2019-02-09-at-09.37.40-1024x576.jpeg 1024w, https:\/\/diarioregionaldigital.com.br\/wp-content\/uploads\/2019\/02\/WhatsApp-Image-2019-02-09-at-09.37.40-360x203.jpeg 360w, https:\/\/diarioregionaldigital.com.br\/wp-content\/uploads\/2019\/02\/WhatsApp-Image-2019-02-09-at-09.37.40.jpeg 1280w\" sizes=\"auto, (max-width: 554px) 100vw, 554px\" \/><p id=\"caption-attachment-133508\" class=\"wp-caption-text\">Alguns dos ve\u00edculos apreendidos durante a opera\u00e7\u00e3o. Foto: Divulga\u00e7\u00e3o PCMG<\/p><\/div>\n","protected":false},"excerpt":{"rendered":"<p>At\u00e9 o momento, 26 pessoas foram presas durante uma megaopera\u00e7\u00e3o da Pol\u00edcia Civil realizada, neste s\u00e1bado, 9, em Juiz de Fora, nos Bairros JK, S\u00e3o Benedito, Ipiranga, Aeroporto e Grambery. A a\u00e7\u00e3o, desencadeada durante a madrugada, tem como objetivo o combate do tr\u00e1fico de drogas, lavagem de dinheiro e o crime organizado. Durante a a\u00e7\u00e3o, [&hellip;]<\/p>\n","protected":false},"author":96,"featured_media":133506,"comment_status":"closed","ping_status":"closed","sticky":false,"template":"","format":"standard","meta":{"footnotes":""},"categories":[301,436,440,439],"tags":[],"class_list":["post-133505","post","type-post","status-publish","format-standard","has-post-thumbnail","hentry","category-artigos-policiais","category-destaque-da-semana","category-destaques-do-dia","category-ultima-hora"],"_links":{"self":[{"href":"https:\/\/diarioregionaldigital.com.br\/index.php?rest_route=\/wp\/v2\/posts\/133505","targetHints":{"allow":["GET"]}}],"collection":[{"href":"https:\/\/diarioregionaldigital.com.br\/index.php?rest_route=\/wp\/v2\/posts"}],"about":[{"href":"https:\/\/diarioregionaldigital.com.br\/index.php?rest_route=\/wp\/v2\/types\/post"}],"author":[{"embeddable":true,"href":"https:\/\/diarioregionaldigital.com.br\/index.php?rest_route=\/wp\/v2\/users\/96"}],"replies":[{"embeddable":true,"href":"https:\/\/diarioregionaldigital.com.br\/index.php?rest_route=%2Fwp%2Fv2%2Fcomments&post=133505"}],"version-history":[{"count":0,"href":"https:\/\/diarioregionaldigital.com.br\/index.php?rest_route=\/wp\/v2\/posts\/133505\/revisions"}],"wp:featuredmedia":[{"embeddable":true,"href":"https:\/\/diarioregionaldigital.com.br\/index.php?rest_route=\/wp\/v2\/media\/133506"}],"wp:attachment":[{"href":"https:\/\/diarioregionaldigital.com.br\/index.php?rest_route=%2Fwp%2Fv2%2Fmedia&parent=133505"}],"wp:term":[{"taxonomy":"category","embeddable":true,"href":"https:\/\/diarioregionaldigital.com.br\/index.php?rest_route=%2Fwp%2Fv2%2Fcategories&post=133505"},{"taxonomy":"post_tag","embeddable":true,"href":"https:\/\/diarioregionaldigital.com.br\/index.php?rest_route=%2Fwp%2Fv2%2Ftags&post=133505"}],"curies":[{"name":"wp","href":"https:\/\/api.w.org\/{rel}","templated":true}]}}