{"id":133503,"date":"2019-02-09T13:42:30","date_gmt":"2019-02-09T15:42:30","guid":{"rendered":"https:\/\/diarioregionaldigital.com.br\/?p=133503"},"modified":"2019-02-09T13:42:30","modified_gmt":"2019-02-09T15:42:30","slug":"bombeiros-confirmam-157-mortos-e-165-desaparecidos-em-brumadinho","status":"publish","type":"post","link":"https:\/\/diarioregionaldigital.com.br\/?p=133503","title":{"rendered":"Bombeiros confirmam 157 mortos e 165 desaparecidos em Brumadinho"},"content":{"rendered":"<p>As buscas por v\u00edtimas do rompimento da barragem da Vale, em Brumadinho (MG), entraram hoje no 16\u00ba dia. Na manh\u00e3 de hoje, 9, os trabalhos foram retomados pelos bombeiros com o aux\u00edlio de m\u00e1quinas pesadas. At\u00e9 o momento, 157 mortes foram confirmadas e 165 pessoas seguem desaparecidas.<\/p>\n<p>De acordo com as informa\u00e7\u00f5es mais recentes divulgadas pelos bombeiros, as buscas foram retomadas \u00e0s 7h30. Desde cedo, 12 helic\u00f3pteros realizam sobrevoos na regi\u00e3o.<\/p>\n<p>O efetivo total envolvido \u00e9 de 390 pessoas, das quais 159 militares do Corpo de Bombeiros de Minas Gerais, 130 bombeiros militares de outros estados, 64 integrantes da For\u00e7a Nacional de Seguran\u00e7a e 37 volunt\u00e1rios. Tamb\u00e9m refor\u00e7am as buscas 17 c\u00e3es farejadores.<\/p>\n<p>Fonte: Ag\u00eancia Brasil<\/p>\n","protected":false},"excerpt":{"rendered":"<p>As buscas por v\u00edtimas do rompimento da barragem da Vale, em Brumadinho (MG), entraram hoje no 16\u00ba dia. Na manh\u00e3 de hoje, 9, os trabalhos foram retomados pelos bombeiros com o aux\u00edlio de m\u00e1quinas pesadas. At\u00e9 o momento, 157 mortes foram confirmadas e 165 pessoas seguem desaparecidas. De acordo com as informa\u00e7\u00f5es mais recentes divulgadas [&hellip;]<\/p>\n","protected":false},"author":96,"featured_media":132120,"comment_status":"closed","ping_status":"closed","sticky":false,"template":"","format":"standard","meta":{"footnotes":""},"categories":[436,440,252,439],"tags":[],"class_list":["post-133503","post","type-post","status-publish","format-standard","has-post-thumbnail","hentry","category-destaque-da-semana","category-destaques-do-dia","category-regiao","category-ultima-hora"],"_links":{"self":[{"href":"https:\/\/diarioregionaldigital.com.br\/index.php?rest_route=\/wp\/v2\/posts\/133503","targetHints":{"allow":["GET"]}}],"collection":[{"href":"https:\/\/diarioregionaldigital.com.br\/index.php?rest_route=\/wp\/v2\/posts"}],"about":[{"href":"https:\/\/diarioregionaldigital.com.br\/index.php?rest_route=\/wp\/v2\/types\/post"}],"author":[{"embeddable":true,"href":"https:\/\/diarioregionaldigital.com.br\/index.php?rest_route=\/wp\/v2\/users\/96"}],"replies":[{"embeddable":true,"href":"https:\/\/diarioregionaldigital.com.br\/index.php?rest_route=%2Fwp%2Fv2%2Fcomments&post=133503"}],"version-history":[{"count":0,"href":"https:\/\/diarioregionaldigital.com.br\/index.php?rest_route=\/wp\/v2\/posts\/133503\/revisions"}],"wp:featuredmedia":[{"embeddable":true,"href":"https:\/\/diarioregionaldigital.com.br\/index.php?rest_route=\/wp\/v2\/media\/132120"}],"wp:attachment":[{"href":"https:\/\/diarioregionaldigital.com.br\/index.php?rest_route=%2Fwp%2Fv2%2Fmedia&parent=133503"}],"wp:term":[{"taxonomy":"category","embeddable":true,"href":"https:\/\/diarioregionaldigital.com.br\/index.php?rest_route=%2Fwp%2Fv2%2Fcategories&post=133503"},{"taxonomy":"post_tag","embeddable":true,"href":"https:\/\/diarioregionaldigital.com.br\/index.php?rest_route=%2Fwp%2Fv2%2Ftags&post=133503"}],"curies":[{"name":"wp","href":"https:\/\/api.w.org\/{rel}","templated":true}]}}