{"id":133499,"date":"2019-02-09T13:35:27","date_gmt":"2019-02-09T15:35:27","guid":{"rendered":"https:\/\/diarioregionaldigital.com.br\/?p=133499"},"modified":"2019-02-09T13:35:27","modified_gmt":"2019-02-09T15:35:27","slug":"mp-vai-apurar-responsabilidades-por-incendio-no-ct-do-flamengo","status":"publish","type":"post","link":"https:\/\/diarioregionaldigital.com.br\/?p=133499","title":{"rendered":"MP vai apurar responsabilidades por inc\u00eandio no CT do Flamengo"},"content":{"rendered":"<p>A 5\u00aa Promotoria de Justi\u00e7a da Inf\u00e2ncia e da Juventude, do Minist\u00e9rio P\u00fablico do Rio de Janeiro (MPRJ), instaurou nessa\u00a0sexta-feira, 8, procedimento administrativo para apurar responsabilidades do Flamengo no tratamento aos adolescentes das categorias de base\u00a0no centro de treinamento do clube, conhecido como Ninho do Urubu, na Vargem Grande, zona oeste do Rio.\u00a0Sexta, 8, um inc\u00eandio no final da madrugada provocou a morte de 10 jovens atletas do clube, que dormiam nos alojamentos.<\/p>\n<p>Al\u00e9m disso, o MP oficiou o presidente do clube,\u00a0\u00a0Rodolfo Landin, para que informe, em um prazo m\u00e1ximo de 48 horas, os nomes dos atletas que estavam alojados no Centro de Treinamento, se as fam\u00edlias dos atletas est\u00e3o recebendo assist\u00eancia material e psicol\u00f3gica e se o clube est\u00e1 viabilizando a vinda dos familiares dos atletas que residem fora do estado.<\/p>\n<p>Na \u00e1rea criminal, a investiga\u00e7\u00e3o est\u00e1 a cargo da 42\u00aa Delegacia de Pol\u00edcia\u00a0(Recreio dos Bandeirantes) e conta com o apoio do Grupo de Atua\u00e7\u00e3o Especializada do Desporto e Defesa do Torcedor.<\/p>\n<h2>A\u00e7\u00e3o civil p\u00fablica<\/h2>\n<p>A 5\u00aa Promotoria de Justi\u00e7a da Inf\u00e2ncia e da Juventude j\u00e1 havia ajuizado, em\u00a023 de mar\u00e7o de 2015, a\u00e7\u00e3o civil p\u00fablica com pedido de tutela antecipada contra o Clube de Regatas do Flamengo, em que solicitou a ado\u00e7\u00e3o de medidas para corre\u00e7\u00e3o de diversas irregularidades constatadas no tratamento dado aos atletas adolescentes residentes no Ninho do Urubu bem como melhorias na respectiva instala\u00e7\u00e3o da entidade, sob pena de fechamento do local.<\/p>\n<p>Na a\u00e7\u00e3o, o MP pediu\u00a0que fossem observadas pelo clube todas as peculiaridades inerentes ao servi\u00e7o de acolhimento de crian\u00e7as e adolescentes, desde o acompanhamento pedag\u00f3gico, social, psicol\u00f3gico e m\u00e9dico, passando pela adequa\u00e7\u00e3o das instala\u00e7\u00f5es do alojamento.<\/p>\n<p>Fonte: Ag\u00eancia Brasil<\/p>\n","protected":false},"excerpt":{"rendered":"<p>A 5\u00aa Promotoria de Justi\u00e7a da Inf\u00e2ncia e da Juventude, do Minist\u00e9rio P\u00fablico do Rio de Janeiro (MPRJ), instaurou nessa\u00a0sexta-feira, 8, procedimento administrativo para apurar responsabilidades do Flamengo no tratamento aos adolescentes das categorias de base\u00a0no centro de treinamento do clube, conhecido como Ninho do Urubu, na Vargem Grande, zona oeste do Rio.\u00a0Sexta, 8, um [&hellip;]<\/p>\n","protected":false},"author":96,"featured_media":133416,"comment_status":"closed","ping_status":"closed","sticky":false,"template":"","format":"standard","meta":{"footnotes":""},"categories":[302,436,440,439],"tags":[],"class_list":["post-133499","post","type-post","status-publish","format-standard","has-post-thumbnail","hentry","category-brasil-mundo","category-destaque-da-semana","category-destaques-do-dia","category-ultima-hora"],"_links":{"self":[{"href":"https:\/\/diarioregionaldigital.com.br\/index.php?rest_route=\/wp\/v2\/posts\/133499","targetHints":{"allow":["GET"]}}],"collection":[{"href":"https:\/\/diarioregionaldigital.com.br\/index.php?rest_route=\/wp\/v2\/posts"}],"about":[{"href":"https:\/\/diarioregionaldigital.com.br\/index.php?rest_route=\/wp\/v2\/types\/post"}],"author":[{"embeddable":true,"href":"https:\/\/diarioregionaldigital.com.br\/index.php?rest_route=\/wp\/v2\/users\/96"}],"replies":[{"embeddable":true,"href":"https:\/\/diarioregionaldigital.com.br\/index.php?rest_route=%2Fwp%2Fv2%2Fcomments&post=133499"}],"version-history":[{"count":0,"href":"https:\/\/diarioregionaldigital.com.br\/index.php?rest_route=\/wp\/v2\/posts\/133499\/revisions"}],"wp:featuredmedia":[{"embeddable":true,"href":"https:\/\/diarioregionaldigital.com.br\/index.php?rest_route=\/wp\/v2\/media\/133416"}],"wp:attachment":[{"href":"https:\/\/diarioregionaldigital.com.br\/index.php?rest_route=%2Fwp%2Fv2%2Fmedia&parent=133499"}],"wp:term":[{"taxonomy":"category","embeddable":true,"href":"https:\/\/diarioregionaldigital.com.br\/index.php?rest_route=%2Fwp%2Fv2%2Fcategories&post=133499"},{"taxonomy":"post_tag","embeddable":true,"href":"https:\/\/diarioregionaldigital.com.br\/index.php?rest_route=%2Fwp%2Fv2%2Ftags&post=133499"}],"curies":[{"name":"wp","href":"https:\/\/api.w.org\/{rel}","templated":true}]}}