{"id":133464,"date":"2019-02-08T16:33:39","date_gmt":"2019-02-08T18:33:39","guid":{"rendered":"https:\/\/diarioregionaldigital.com.br\/?p=133464"},"modified":"2019-02-08T16:33:39","modified_gmt":"2019-02-08T18:33:39","slug":"policia-civil-conclui-inquerito-de-dois-crimes-de-roubo-ocorridos-em-juiz-de-fora","status":"publish","type":"post","link":"https:\/\/diarioregionaldigital.com.br\/?p=133464","title":{"rendered":"Pol\u00edcia Civil conclui inqu\u00e9rito de dois crimes de roubo ocorridos em Juiz de Fora"},"content":{"rendered":"<p>Nesta sexta-feira, 8, a Pol\u00edcia Civil de Juiz de Fora divulgou informa\u00e7\u00f5es \u00e0 respeito de dois crimes que ocorreram na cidade.<\/p>\n<p>O primeiro foi um roubo ocorrido no in\u00edcio da tarde do dia 10 de janeiro deste ano, no bairro Bom Jardim, zona Leste de Juiz de Fora. De acordo com as informa\u00e7\u00f5es, na ocasi\u00e3o, um homem de 40 anos teria sido rendido, por cinco adolescente que portavam arma de fogo, quando estava trabalhando. O grupo subtraiu dinheiro da v\u00edtima e a ferramenta de trabalho, uma ro\u00e7adeira. Em seguida, fugiram do local, deixando a v\u00edtima ca\u00edda no ch\u00e3o. Ap\u00f3s dilig\u00eancias efetuadas pela equipe da Delegacia Especializada de Repress\u00e3o a Roubos (DERR), foi poss\u00edvel identificar os jovens, entre 15 e 17 anos, envolvidos no crime.<\/p>\n<p>A v\u00edtima registrou o boletim de ocorr\u00eancia e procurou a Delegacia Especializada de Repress\u00e3o a Roubos (DERR). \u201cA equipe de investigadores imediatamente procedeu em dilig\u00eancia para regi\u00e3o do fato e identificou cada um dos autores\u201d, explicou o titular da DERR, Delegado M\u00e1rcio Roberto Savino Lopes, complementando que os policiais civis tamb\u00e9m recuperaram a ro\u00e7adeira e identificaram o receptador, de 30 anos. Al\u00e9m disso, foi identificado outro homem, de 19 anos, dono da arma emprestada aos menores.<\/p>\n<p>Ap\u00f3s investiga\u00e7\u00f5es, as partes envolvidas foram ouvidas na \u00faltima semana, no cart\u00f3rio da unidade policial. No local, a v\u00edtima teve a oportunidade de reconhecer os autores, que confessaram o crime de roubo. Ainda segundo o delegado, o inqu\u00e9rito ser\u00e1 enviado \u00e0 Justi\u00e7a ainda nesta sexta-feira para que sejam apreciadas medidas cab\u00edveis em desfavor dos envolvidos.<\/p>\n<p><strong>ROUBO NO BAIRRO CIDADE DO SOL<\/strong><\/p>\n<p>Ainda nesta sexta-feira, 8, a Pol\u00edcia Civil concluiu o inqu\u00e9rito do caso que ocorreu no dia 6 de agosto de 2018, tamb\u00e9m em Juiz de Fora. Na data em quest\u00e3o, indiv\u00edduos entraram em uma casa lot\u00e9rica, localizada no bairro Cidade do Sol, na Zona Norte, e anunciaram o roubo. Eles levaram aproximadamente R$6 mil durante o crime.<\/p>\n<p>Conforme informa\u00e7\u00f5es do Titular DERR, delegado M\u00e1rcio Savino, foram identificados dois envolvidos no roubo, entre eles um jovem de 20 anos e um adolescente de 17 anos. O mais velho j\u00e1 se encontra preso na unidade prisional por ter cometido outro delito. \u201c O maior ser\u00e1 indiciado por roubo majorado e por corrup\u00e7\u00e3o de menores. Em rela\u00e7\u00e3o ao menor, ser\u00e1 remetida c\u00f3pia do inqu\u00e9rito policial \u00e0 Vara da Inf\u00e2ncia e Juventude para aplica\u00e7\u00e3o do Estatuto da Crian\u00e7a e do Adolescente\u201d, ressaltou.<\/p>\n<p>Ainda segundo o delegado, o inqu\u00e9rito policial ser\u00e1 encaminhado \u00e0 Justi\u00e7a, no in\u00edcio da pr\u00f3xima semana. As investiga\u00e7\u00f5es prosseguem com a finalidade de identificar outros poss\u00edveis envolvidos.<\/p>\n","protected":false},"excerpt":{"rendered":"<p>Nesta sexta-feira, 8, a Pol\u00edcia Civil de Juiz de Fora divulgou informa\u00e7\u00f5es \u00e0 respeito de dois crimes que ocorreram na cidade. O primeiro foi um roubo ocorrido no in\u00edcio da tarde do dia 10 de janeiro deste ano, no bairro Bom Jardim, zona Leste de Juiz de Fora. De acordo com as informa\u00e7\u00f5es, na ocasi\u00e3o, [&hellip;]<\/p>\n","protected":false},"author":96,"featured_media":97342,"comment_status":"closed","ping_status":"closed","sticky":false,"template":"","format":"standard","meta":{"footnotes":""},"categories":[253,436,439],"tags":[],"class_list":["post-133464","post","type-post","status-publish","format-standard","has-post-thumbnail","hentry","category-cidade","category-destaque-da-semana","category-ultima-hora"],"_links":{"self":[{"href":"https:\/\/diarioregionaldigital.com.br\/index.php?rest_route=\/wp\/v2\/posts\/133464","targetHints":{"allow":["GET"]}}],"collection":[{"href":"https:\/\/diarioregionaldigital.com.br\/index.php?rest_route=\/wp\/v2\/posts"}],"about":[{"href":"https:\/\/diarioregionaldigital.com.br\/index.php?rest_route=\/wp\/v2\/types\/post"}],"author":[{"embeddable":true,"href":"https:\/\/diarioregionaldigital.com.br\/index.php?rest_route=\/wp\/v2\/users\/96"}],"replies":[{"embeddable":true,"href":"https:\/\/diarioregionaldigital.com.br\/index.php?rest_route=%2Fwp%2Fv2%2Fcomments&post=133464"}],"version-history":[{"count":0,"href":"https:\/\/diarioregionaldigital.com.br\/index.php?rest_route=\/wp\/v2\/posts\/133464\/revisions"}],"wp:featuredmedia":[{"embeddable":true,"href":"https:\/\/diarioregionaldigital.com.br\/index.php?rest_route=\/wp\/v2\/media\/97342"}],"wp:attachment":[{"href":"https:\/\/diarioregionaldigital.com.br\/index.php?rest_route=%2Fwp%2Fv2%2Fmedia&parent=133464"}],"wp:term":[{"taxonomy":"category","embeddable":true,"href":"https:\/\/diarioregionaldigital.com.br\/index.php?rest_route=%2Fwp%2Fv2%2Fcategories&post=133464"},{"taxonomy":"post_tag","embeddable":true,"href":"https:\/\/diarioregionaldigital.com.br\/index.php?rest_route=%2Fwp%2Fv2%2Ftags&post=133464"}],"curies":[{"name":"wp","href":"https:\/\/api.w.org\/{rel}","templated":true}]}}