{"id":133428,"date":"2019-02-08T13:41:42","date_gmt":"2019-02-08T15:41:42","guid":{"rendered":"https:\/\/diarioregionaldigital.com.br\/?p=133428"},"modified":"2019-02-08T13:41:42","modified_gmt":"2019-02-08T15:41:42","slug":"praca-antonio-carlos-recebe-evento-de-adocao-do-canil-municipal","status":"publish","type":"post","link":"https:\/\/diarioregionaldigital.com.br\/?p=133428","title":{"rendered":"Pra\u00e7a Ant\u00f4nio Carlos recebe Evento de Ado\u00e7\u00e3o do Canil Municipal"},"content":{"rendered":"<p>A Pra\u00e7a Ant\u00f4nio Carlos recebe, no s\u00e1bado, 9, o \u201cEvento de Ado\u00e7\u00e3o\u201d do Canil Municipal, das 10 \u00e0s 14 horas. Ser\u00e3o 18 c\u00e3es e seis gatos \u00e0 espera de um lar respons\u00e1vel. Esse \u00e9 o segundo evento do ano feito pelo Departamento de Controle Animal (Dcan), ligado ao Departamento Municipal de Limpeza Urbana (Demlurb).<\/p>\n<p>A gerente do Dcan, Miriam Neder, observa que, geralmente, s\u00e3o doados cerca de 50% a 60% dos animais que participam desses eventos. Quem quiser adotar durante a a\u00e7\u00e3o precisa apresentar documento oficial com foto e c\u00f3pia do comprovante de resid\u00eancia. Volunt\u00e1rios e os servidores do Canil Municipal v\u00e3o orientar sobre como ser\u00e3o feitas as sele\u00e7\u00f5es.<\/p>\n<p>O Canil Municipal recebe visitas de segunda a sexta, das 9 horas \u00e0s 10h30 e das 13 horas \u00e0s 15h30. Interessados podem entrar em contato com o Disque-Ado\u00e7\u00e3o pelo telefone 3225-9933.<\/p>\n<p>&nbsp;<\/p>\n<p>Fonte: PJF<\/p>\n","protected":false},"excerpt":{"rendered":"<p>A Pra\u00e7a Ant\u00f4nio Carlos recebe, no s\u00e1bado, 9, o \u201cEvento de Ado\u00e7\u00e3o\u201d do Canil Municipal, das 10 \u00e0s 14 horas. Ser\u00e3o 18 c\u00e3es e seis gatos \u00e0 espera de um lar respons\u00e1vel. Esse \u00e9 o segundo evento do ano feito pelo Departamento de Controle Animal (Dcan), ligado ao Departamento Municipal de Limpeza Urbana (Demlurb). A [&hellip;]<\/p>\n","protected":false},"author":96,"featured_media":133429,"comment_status":"closed","ping_status":"closed","sticky":false,"template":"","format":"standard","meta":{"footnotes":""},"categories":[253,436,262,439],"tags":[],"class_list":["post-133428","post","type-post","status-publish","format-standard","has-post-thumbnail","hentry","category-cidade","category-destaque-da-semana","category-noticias","category-ultima-hora"],"_links":{"self":[{"href":"https:\/\/diarioregionaldigital.com.br\/index.php?rest_route=\/wp\/v2\/posts\/133428","targetHints":{"allow":["GET"]}}],"collection":[{"href":"https:\/\/diarioregionaldigital.com.br\/index.php?rest_route=\/wp\/v2\/posts"}],"about":[{"href":"https:\/\/diarioregionaldigital.com.br\/index.php?rest_route=\/wp\/v2\/types\/post"}],"author":[{"embeddable":true,"href":"https:\/\/diarioregionaldigital.com.br\/index.php?rest_route=\/wp\/v2\/users\/96"}],"replies":[{"embeddable":true,"href":"https:\/\/diarioregionaldigital.com.br\/index.php?rest_route=%2Fwp%2Fv2%2Fcomments&post=133428"}],"version-history":[{"count":0,"href":"https:\/\/diarioregionaldigital.com.br\/index.php?rest_route=\/wp\/v2\/posts\/133428\/revisions"}],"wp:featuredmedia":[{"embeddable":true,"href":"https:\/\/diarioregionaldigital.com.br\/index.php?rest_route=\/wp\/v2\/media\/133429"}],"wp:attachment":[{"href":"https:\/\/diarioregionaldigital.com.br\/index.php?rest_route=%2Fwp%2Fv2%2Fmedia&parent=133428"}],"wp:term":[{"taxonomy":"category","embeddable":true,"href":"https:\/\/diarioregionaldigital.com.br\/index.php?rest_route=%2Fwp%2Fv2%2Fcategories&post=133428"},{"taxonomy":"post_tag","embeddable":true,"href":"https:\/\/diarioregionaldigital.com.br\/index.php?rest_route=%2Fwp%2Fv2%2Ftags&post=133428"}],"curies":[{"name":"wp","href":"https:\/\/api.w.org\/{rel}","templated":true}]}}