{"id":133418,"date":"2019-02-08T12:54:13","date_gmt":"2019-02-08T14:54:13","guid":{"rendered":"https:\/\/diarioregionaldigital.com.br\/?p=133418"},"modified":"2019-02-08T12:56:05","modified_gmt":"2019-02-08T14:56:05","slug":"cerca-de-700-moradores-de-duas-cidades-de-mg-sao-retirados-da-regiao-apos-alerta-de-risco-em-barragens","status":"publish","type":"post","link":"https:\/\/diarioregionaldigital.com.br\/?p=133418","title":{"rendered":"Cerca de 700 moradores de duas cidades de MG s\u00e3o retirados da regi\u00e3o ap\u00f3s alerta de risco em barragens"},"content":{"rendered":"<p>Na manh\u00e3 desta sexta-feira, 8, ap\u00f3s o alerta da sirene que monitora a barragem da Vale, cerca de 500 moradores do munic\u00edpio de Bar\u00e3o de Cocais, que fica a 80km de Belo Horizonte, foram retirados de suas casas.<\/p>\n<p>Em nota publicada atrav\u00e9s do Facebook, a Prefeitura de Bar\u00e3o de Cocais informou que &#8220;diante de observa\u00e7\u00f5es e monitoramento realizados pela Ag\u00eancia Nacional de Minera\u00e7\u00e3o (ANM), Defesa Civil do Estado e do munic\u00edpio, e pela empresa Vale, foi acionado o N\u00edvel 2 de risco na barragem Sul Superior da Mina do Gongo Soco&#8221;, publicou. Ainda segundo a nota, a informa\u00e7\u00e3o at\u00e9 esse instante \u00e9 de um desn\u00edvel na estrutura. Por esse motivo, seguindo as recomenda\u00e7\u00f5es repassadas pelos entes respons\u00e1veis e pela mineradora, os moradores da comunidade do Socorro e adjac\u00eancias est\u00e3o sendo evacuados neste momento por \u00f4nibus da Vale e demais ve\u00edculos de apoio&#8221;, acrescentou no comunicado.<\/p>\n<p>Ainda na nota, a Prefeitura comunicou que o evacuamento est\u00e1 sendo realizado por precau\u00e7\u00e3o e que os moradores est\u00e3o sendo encaminhados para o Gin\u00e1sio Poliesportivo da cidade, onde ser\u00e3o temporariamente abrigados.<\/p>\n<p><strong>MAIS UM CASO<\/strong><\/p>\n<p>Al\u00e9m do alerta no munic\u00edpio de Bar\u00e3o de Cocais, cerca de 200 pessoas de Itatiaiu\u00e7u, a 80 quil\u00f4metros de Belo Horizonte, moradoras do bairro de Pinheiros, foram retiradas de suas casas por volta das 4h desta sexta-feira ap\u00f3s soar a sirene que monitora a barragem de rejeitos de Serra Azul da empresa ArcelorMittal no munic\u00edpio.<\/p>\n<p>Em nota, a ArcelorMittal informou que a decis\u00e3o de evacua\u00e7\u00e3o for por precau\u00e7\u00e3o. &#8220;Esta \u00e9 uma medida puramente de precau\u00e7\u00e3o, visto que a comunidade se situa a 5 km de dist\u00e2ncia da barragem. A empresa concluiu que n\u00e3o se pode correr absolutamente nenhum risco, e que, apesar do transtorno para a comunidade, esta \u00e9 a decis\u00e3o correta&#8221;, publicou no comunicado.<\/p>\n<p>A empresa ainda infomou que a popula\u00e7\u00e3o est\u00e1 sendo transferida para acomoda\u00e7\u00f5es tempor\u00e1rias. &#8220;Os membros da comunidade permanecer\u00e3o acomodados no novo local enquanto testes adicionais est\u00e3o em andamento e at\u00e9 que a seguran\u00e7a da barragem de rejeitos possa ser 100% garantida&#8221;, informou.<\/p>\n<p>O Sr. Benjamin Baptista, CEO (Presidente) da ArcelorMittal Brasil, declarou: \u201cPedimos desculpas \u00e0 comunidade local pelo transtorno; por\u00e9m sabemos que esta \u00e9 a decis\u00e3o correta e sem d\u00favida a \u00fanica decis\u00e3o que poder\u00edamos tomar. As autoridades locais concordaram. Procuraremos retornar as pessoas para suas casas o t\u00e3o logo poss\u00edvel, embora \u00e0 esta altura n\u00e3o seja poss\u00edvel dizer quando ser\u00e1. Especialistas continuam a inspecionar e analisar as condi\u00e7\u00f5es da barragem de rejeitos e, no caso de terem que ser implementadas novas medidas para maior garantia da barragem, isso ser\u00e1 feito o mais rapidamente poss\u00edvel. Agradecemos a compreens\u00e3o dos empregados e da comunidade, neste momento dif\u00edcil\u201d, disse.<\/p>\n<p><strong>Abaixo voc\u00ea confere a nota na \u00edntegra:<\/strong><\/p>\n<p style=\"text-align: center;\"><em>A ArcelorMittal anunciou hoje que, ap\u00f3s rigorosa avalia\u00e7\u00e3o, tomou a decis\u00e3o de colocar em pr\u00e1tica o plano de evacua\u00e7\u00e3o relativo a sua barragem de rejeitos de Serra Azul.<\/em><\/p>\n<p style=\"text-align: center;\"><em>Ap\u00f3s informar e discutir a situa\u00e7\u00e3o com as autoridades locais, chegou-se ao entendimento de que a comunidade de cerca de 200 pessoas situada a jusante da barragem deveria ser evacuada como medida de precau\u00e7\u00e3o.<\/em><\/p>\n<p style=\"text-align: center;\"><em>A a\u00e7\u00e3o decorre de uma inspe\u00e7\u00e3o e auditoria minuciosas da barragem de rejeitos, que foram realizadas ap\u00f3s os recentes incidentes acontecidos no setor de minera\u00e7\u00e3o, no Brasil. Empregando uma metodologia mais conservadora, a auditoria independente respons\u00e1vel pela declara\u00e7\u00e3o de estabilidade revisou o \u00faltimo relat\u00f3rio e adotou para a barragem um Fator de Seguran\u00e7a (Factor of Safety ou FoS) mais restritivo.<\/em><\/p>\n<p style=\"text-align: center;\"><em>A a\u00e7\u00e3o segue a atualiza\u00e7\u00e3o de uma avalia\u00e7\u00e3o feita no local, contratada pela ArcelorMittal Minera\u00e7\u00e3o e realizada por auditoria independente. A avalia\u00e7\u00e3o incluiu testes de stress feitos na barragem de Serra Azul, a partir de dados e aprendizado decorrentes dos eventos da barragem do Feij\u00e3o, em Brumadinho. Baseado na varia\u00e7\u00e3o do fator de seguran\u00e7a, a decis\u00e3o tomada foi de evacuar todos os residentes enquanto testes adicionais estar\u00e3o sendo tomados e qualquer medida de mitiga\u00e7\u00e3o possa ser implementada. O trajeto hist\u00f3rico a ser seguido pelo fluxo, em caso de colapso, avaliado quando a barragem estava ativa, era de aproximadamente de quatro a cinco quil\u00f4metros.<\/em><\/p>\n<p style=\"text-align: center;\"><em>Esta \u00e9 uma medida puramente de precau\u00e7\u00e3o, visto que a comunidade se situa a 5 km de dist\u00e2ncia da barragem. A empresa concluiu que n\u00e3o se pode correr absolutamente nenhum risco, e que, apesar do transtorno para a comunidade, esta \u00e9 a decis\u00e3o correta.<\/em><\/p>\n<p style=\"text-align: center;\"><em>A comunidade est\u00e1 sendo transferida para acomoda\u00e7\u00f5es tempor\u00e1rias. Os membros da comunidade permanecer\u00e3o acomodados no novo local enquanto testes adicionais est\u00e3o em andamento e at\u00e9 que a seguran\u00e7a da barragem de rejeitos possa ser 100% garantida.<\/em><\/p>\n<p style=\"text-align: center;\"><em>O Sr. Benjamin Baptista, CEO (Presidente) da ArcelorMittal Brasil, declarou: \u201cPedimos desculpas \u00e0 comunidade local pelo transtorno; por\u00e9m sabemos que esta \u00e9 a decis\u00e3o correta e sem d\u00favida a \u00fanica decis\u00e3o que poder\u00edamos tomar. As autoridades locais concordaram. Procuraremos retornar as pessoas para suas casas o t\u00e3o logo poss\u00edvel, embora \u00e0 esta altura n\u00e3o seja poss\u00edvel dizer quando ser\u00e1. Especialistas continuam a inspecionar e analisar as condi\u00e7\u00f5es da barragem de rejeitos e, no caso de terem que ser implementadas novas medidas para maior garantia da barragem, isso ser\u00e1 feito o mais rapidamente poss\u00edvel. Agradecemos a compreens\u00e3o dos empregados e da comunidade, neste momento dif\u00edcil.\u201d<\/em><\/p>\n<p style=\"text-align: center;\"><em>Sebastiao Costa Filho, CEO da ArcelorMittal Minera\u00e7\u00e3o Brasil, disse: \u201cNossa absoluta prioridade \u00e9 assegurar que nosso pessoal e a comunidade estejam seguros. Manteremos constante contato com aqueles afetados para mant\u00ea-los atualizados sobre a situa\u00e7\u00e3o. T\u00e3o logo tenhamos mais informa\u00e7\u00f5es, faremos novos pronunciamentos. Gostaria de agradecer a todos os afetados \u2013 esta \u00e9 claramente uma situa\u00e7\u00e3o dif\u00edcil e esperamos que ela seja resolvida o mais rapidamente poss\u00edvel.\u201d<\/em><\/p>\n<p style=\"text-align: center;\"><em>A mina de Serra Azul est\u00e1 localizada em Itatiaiu\u00e7u, Minas Gerais. Ela produz 1.2 milh\u00f5es de toneladas de concentrado e min\u00e9rio granulado. A barragem de rejeitos, que \u00e9 do tipo \u00e0 montante, tem estado desativada desde Outubro de 2012. \u00c9 a \u00fanica do tipo \u201c\u00e0 montante\u201d dentre as barragens da empresa.<\/em><\/p>\n","protected":false},"excerpt":{"rendered":"<p>Na manh\u00e3 desta sexta-feira, 8, ap\u00f3s o alerta da sirene que monitora a barragem da Vale, cerca de 500 moradores do munic\u00edpio de Bar\u00e3o de Cocais, que fica a 80km de Belo Horizonte, foram retirados de suas casas. Em nota publicada atrav\u00e9s do Facebook, a Prefeitura de Bar\u00e3o de Cocais informou que &#8220;diante de observa\u00e7\u00f5es [&hellip;]<\/p>\n","protected":false},"author":96,"featured_media":132125,"comment_status":"closed","ping_status":"closed","sticky":false,"template":"","format":"standard","meta":{"footnotes":""},"categories":[436,440,252,439],"tags":[],"class_list":["post-133418","post","type-post","status-publish","format-standard","has-post-thumbnail","hentry","category-destaque-da-semana","category-destaques-do-dia","category-regiao","category-ultima-hora"],"_links":{"self":[{"href":"https:\/\/diarioregionaldigital.com.br\/index.php?rest_route=\/wp\/v2\/posts\/133418","targetHints":{"allow":["GET"]}}],"collection":[{"href":"https:\/\/diarioregionaldigital.com.br\/index.php?rest_route=\/wp\/v2\/posts"}],"about":[{"href":"https:\/\/diarioregionaldigital.com.br\/index.php?rest_route=\/wp\/v2\/types\/post"}],"author":[{"embeddable":true,"href":"https:\/\/diarioregionaldigital.com.br\/index.php?rest_route=\/wp\/v2\/users\/96"}],"replies":[{"embeddable":true,"href":"https:\/\/diarioregionaldigital.com.br\/index.php?rest_route=%2Fwp%2Fv2%2Fcomments&post=133418"}],"version-history":[{"count":0,"href":"https:\/\/diarioregionaldigital.com.br\/index.php?rest_route=\/wp\/v2\/posts\/133418\/revisions"}],"wp:featuredmedia":[{"embeddable":true,"href":"https:\/\/diarioregionaldigital.com.br\/index.php?rest_route=\/wp\/v2\/media\/132125"}],"wp:attachment":[{"href":"https:\/\/diarioregionaldigital.com.br\/index.php?rest_route=%2Fwp%2Fv2%2Fmedia&parent=133418"}],"wp:term":[{"taxonomy":"category","embeddable":true,"href":"https:\/\/diarioregionaldigital.com.br\/index.php?rest_route=%2Fwp%2Fv2%2Fcategories&post=133418"},{"taxonomy":"post_tag","embeddable":true,"href":"https:\/\/diarioregionaldigital.com.br\/index.php?rest_route=%2Fwp%2Fv2%2Ftags&post=133418"}],"curies":[{"name":"wp","href":"https:\/\/api.w.org\/{rel}","templated":true}]}}