{"id":133401,"date":"2019-02-08T06:00:07","date_gmt":"2019-02-08T08:00:07","guid":{"rendered":"https:\/\/diarioregionaldigital.com.br\/?p=133401"},"modified":"2019-02-07T21:53:34","modified_gmt":"2019-02-07T23:53:34","slug":"alo-carnavalescos","status":"publish","type":"post","link":"https:\/\/diarioregionaldigital.com.br\/?p=133401","title":{"rendered":"Al\u00f4 Carnavalescos"},"content":{"rendered":"<p style=\"text-align: center;\"><strong>Meng\u00e3o <\/strong><\/p>\n<p style=\"text-align: center;\">Muito querido em Juiz de Fora, o \u00eddolo do Flamengo, Nunes, vai aterrissar em Juiz de Fora dia 16. Ele estar\u00e1 entre os convidados para a comemora\u00e7\u00e3o do anivers\u00e1rio de Jos\u00e9 L\u00facio Fernandes, no Clube do Papo. Na oportunidade, Jos\u00e9 L\u00facio vai festejar e entregar a faixa de campe\u00e3o ao time do CNI, no Torneio Master de 2018. Foi ele o autor do gol do t\u00edtulo.<\/p>\n<p style=\"text-align: center;\"><strong>Pretinhas <\/strong><\/p>\n<p style=\"text-align: center;\">Com sua irrever\u00eancia, o bloco caricato Dom\u00e9sticas de Luxo vai desfilar dia 23, no Parque Halfeld, na abertura do carnaval de rua de Juiz de Fora. Amantes da folia de momo, Z\u00e9 Kodak e o presidente da Aesbloc Basileu Tavares ap\u00f3iam as pretinhas.<\/p>\n<p style=\"text-align: center;\"><strong>Not\u00edcia<\/strong><\/p>\n<p style=\"text-align: center;\">Em tempos dif\u00edceis, a BRMalls n\u00e3o desiste de empreender. Considerada a maior administradora de Shoppings do Brasil, est\u00e1 concluindo a venda do Shopping Sete Lagoas, a 70 quil\u00f4metros de Belo Horizonte, para o grupo Argopar.<\/p>\n<p style=\"text-align: center;\"><strong>Al\u00f4 Carnavalescos<\/strong><\/p>\n<p style=\"text-align: center;\">Para quem gosta de samba e carnaval, a Escola de Samba Vale do Paraibuna vai promover, dia 17, evento de samba com a bateria de Mestre Caio. Ser\u00e1 na quadra da escola na rua Domingos Dalamura, bairro Santo Ant\u00f4nio, \u00e0s 12h.<\/p>\n<p style=\"text-align: center;\"><strong>Na M\u00eddia<\/strong><\/p>\n<p style=\"text-align: center;\">A cantora Anitta est\u00e1 com tudo e n\u00e3o est\u00e1 prosa. Presen\u00e7a solicitada em campanhas publicit\u00e1rias, ela foi vista em nada menos do que 3.389 inser\u00e7\u00f5es em propagandas na TV aberta. O n\u00famero corresponde ao 4\u00ba lugar num ranking in\u00e9dito de celebridades que mais apareceram nas telas de TVs.<\/p>\n<p style=\"text-align: center;\"><strong>Book<\/strong><\/p>\n<p style=\"text-align: center;\">Em sintonia com a boa leitura, a Companhia das Letras relan\u00e7a, a partir de abril, toda a obra de J\u00falio Cort\u00e1zar. Vai iniciar a jornada com o excepcional livro \u201cO jogo da amarelinha\u201d.<\/p>\n<div id=\"attachment_133386\" style=\"width: 690px\" class=\"wp-caption aligncenter\"><img loading=\"lazy\" decoding=\"async\" aria-describedby=\"caption-attachment-133386\" class=\"wp-image-133386\" src=\"https:\/\/diarioregionaldigital.com.br\/wp-content\/uploads\/2019\/02\/fotoa-3-e1549578685805.jpg\" alt=\"\" width=\"680\" height=\"454\" srcset=\"https:\/\/diarioregionaldigital.com.br\/wp-content\/uploads\/2019\/02\/fotoa-3-e1549578685805.jpg 1124w, https:\/\/diarioregionaldigital.com.br\/wp-content\/uploads\/2019\/02\/fotoa-3-e1549578685805-300x200.jpg 300w, https:\/\/diarioregionaldigital.com.br\/wp-content\/uploads\/2019\/02\/fotoa-3-e1549578685805-768x513.jpg 768w, https:\/\/diarioregionaldigital.com.br\/wp-content\/uploads\/2019\/02\/fotoa-3-e1549578685805-1024x684.jpg 1024w, https:\/\/diarioregionaldigital.com.br\/wp-content\/uploads\/2019\/02\/fotoa-3-e1549578685805-360x241.jpg 360w\" sizes=\"auto, (max-width: 680px) 100vw, 680px\" \/><p id=\"caption-attachment-133386\" class=\"wp-caption-text\">Mulheres chiques e empoderadas no Glass Parque: Fabiana Haammff, Cristina Mansur, Regina Gon\u00e7alves Gouv\u00eaa e Gra\u00e7a Trezza<\/p><\/div>\n<div id=\"attachment_133387\" style=\"width: 690px\" class=\"wp-caption aligncenter\"><img loading=\"lazy\" decoding=\"async\" aria-describedby=\"caption-attachment-133387\" class=\"wp-image-133387\" src=\"https:\/\/diarioregionaldigital.com.br\/wp-content\/uploads\/2019\/02\/fotoaa-1-e1549578711584.jpg\" alt=\"\" width=\"680\" height=\"514\" srcset=\"https:\/\/diarioregionaldigital.com.br\/wp-content\/uploads\/2019\/02\/fotoaa-1-e1549578711584.jpg 674w, https:\/\/diarioregionaldigital.com.br\/wp-content\/uploads\/2019\/02\/fotoaa-1-e1549578711584-300x227.jpg 300w, https:\/\/diarioregionaldigital.com.br\/wp-content\/uploads\/2019\/02\/fotoaa-1-e1549578711584-360x272.jpg 360w\" sizes=\"auto, (max-width: 680px) 100vw, 680px\" \/><p id=\"caption-attachment-133387\" class=\"wp-caption-text\">Destaque hoje para o \u201cexpert\u201d em Ci\u00eancia da Computa\u00e7\u00e3o Luis Alves da Cunha Filho<\/p><\/div>\n<div id=\"attachment_133389\" style=\"width: 690px\" class=\"wp-caption aligncenter\"><img loading=\"lazy\" decoding=\"async\" aria-describedby=\"caption-attachment-133389\" class=\"wp-image-133389\" src=\"https:\/\/diarioregionaldigital.com.br\/wp-content\/uploads\/2019\/02\/fotobb-e1549578736424.jpg\" alt=\"\" width=\"680\" height=\"521\" srcset=\"https:\/\/diarioregionaldigital.com.br\/wp-content\/uploads\/2019\/02\/fotobb-e1549578736424.jpg 720w, https:\/\/diarioregionaldigital.com.br\/wp-content\/uploads\/2019\/02\/fotobb-e1549578736424-300x230.jpg 300w, https:\/\/diarioregionaldigital.com.br\/wp-content\/uploads\/2019\/02\/fotobb-e1549578736424-360x276.jpg 360w\" sizes=\"auto, (max-width: 680px) 100vw, 680px\" \/><p id=\"caption-attachment-133389\" class=\"wp-caption-text\">Em Miracema, Alice Pestana festejou n\u00edver ladeada dos bonit\u00f5es Sebasti\u00e3o Junior e Josean Pestana<\/p><\/div>\n<div id=\"attachment_133391\" style=\"width: 690px\" class=\"wp-caption aligncenter\"><img loading=\"lazy\" decoding=\"async\" aria-describedby=\"caption-attachment-133391\" class=\"wp-image-133391\" src=\"https:\/\/diarioregionaldigital.com.br\/wp-content\/uploads\/2019\/02\/fotocc-e1549578771226.jpg\" alt=\"\" width=\"680\" height=\"480\" srcset=\"https:\/\/diarioregionaldigital.com.br\/wp-content\/uploads\/2019\/02\/fotocc-e1549578771226.jpg 897w, https:\/\/diarioregionaldigital.com.br\/wp-content\/uploads\/2019\/02\/fotocc-e1549578771226-300x212.jpg 300w, https:\/\/diarioregionaldigital.com.br\/wp-content\/uploads\/2019\/02\/fotocc-e1549578771226-768x542.jpg 768w, https:\/\/diarioregionaldigital.com.br\/wp-content\/uploads\/2019\/02\/fotocc-e1549578771226-750x530.jpg 750w, https:\/\/diarioregionaldigital.com.br\/wp-content\/uploads\/2019\/02\/fotocc-e1549578771226-360x254.jpg 360w, https:\/\/diarioregionaldigital.com.br\/wp-content\/uploads\/2019\/02\/fotocc-e1549578771226-100x70.jpg 100w\" sizes=\"auto, (max-width: 680px) 100vw, 680px\" \/><p id=\"caption-attachment-133391\" class=\"wp-caption-text\">O fot\u00f3grafo das estrelas Jo\u00e3o Marcos no viva-ver\u00e3o<\/p><\/div>\n<div id=\"attachment_133394\" style=\"width: 690px\" class=\"wp-caption aligncenter\"><img loading=\"lazy\" decoding=\"async\" aria-describedby=\"caption-attachment-133394\" class=\"wp-image-133394\" src=\"https:\/\/diarioregionaldigital.com.br\/wp-content\/uploads\/2019\/02\/fotof-3-e1549578837856.jpg\" alt=\"\" width=\"680\" height=\"554\" srcset=\"https:\/\/diarioregionaldigital.com.br\/wp-content\/uploads\/2019\/02\/fotof-3-e1549578837856.jpg 1170w, https:\/\/diarioregionaldigital.com.br\/wp-content\/uploads\/2019\/02\/fotof-3-e1549578837856-300x245.jpg 300w, https:\/\/diarioregionaldigital.com.br\/wp-content\/uploads\/2019\/02\/fotof-3-e1549578837856-768x626.jpg 768w, https:\/\/diarioregionaldigital.com.br\/wp-content\/uploads\/2019\/02\/fotof-3-e1549578837856-1024x835.jpg 1024w, https:\/\/diarioregionaldigital.com.br\/wp-content\/uploads\/2019\/02\/fotof-3-e1549578837856-220x180.jpg 220w, https:\/\/diarioregionaldigital.com.br\/wp-content\/uploads\/2019\/02\/fotof-3-e1549578837856-360x294.jpg 360w\" sizes=\"auto, (max-width: 680px) 100vw, 680px\" \/><p id=\"caption-attachment-133394\" class=\"wp-caption-text\">Em cena musical, os irm\u00e3os Henrique e Bruno Ribeiro<\/p><\/div>\n<div id=\"attachment_133395\" style=\"width: 690px\" class=\"wp-caption aligncenter\"><img loading=\"lazy\" decoding=\"async\" aria-describedby=\"caption-attachment-133395\" class=\"wp-image-133395\" src=\"https:\/\/diarioregionaldigital.com.br\/wp-content\/uploads\/2019\/02\/fotog-3-e1549578868504.jpg\" alt=\"\" width=\"680\" height=\"533\" srcset=\"https:\/\/diarioregionaldigital.com.br\/wp-content\/uploads\/2019\/02\/fotog-3-e1549578868504.jpg 1176w, https:\/\/diarioregionaldigital.com.br\/wp-content\/uploads\/2019\/02\/fotog-3-e1549578868504-300x235.jpg 300w, https:\/\/diarioregionaldigital.com.br\/wp-content\/uploads\/2019\/02\/fotog-3-e1549578868504-768x601.jpg 768w, https:\/\/diarioregionaldigital.com.br\/wp-content\/uploads\/2019\/02\/fotog-3-e1549578868504-1024x802.jpg 1024w, https:\/\/diarioregionaldigital.com.br\/wp-content\/uploads\/2019\/02\/fotog-3-e1549578868504-360x282.jpg 360w\" sizes=\"auto, (max-width: 680px) 100vw, 680px\" \/><p id=\"caption-attachment-133395\" class=\"wp-caption-text\">Maria Clara Santhana na tarde de samba ver\u00e3o no Mo\u00e7o da Barba, em S\u00e3o Pedro<\/p><\/div>\n<div id=\"attachment_133396\" style=\"width: 690px\" class=\"wp-caption aligncenter\"><img loading=\"lazy\" decoding=\"async\" aria-describedby=\"caption-attachment-133396\" class=\"wp-image-133396\" src=\"https:\/\/diarioregionaldigital.com.br\/wp-content\/uploads\/2019\/02\/fotoh-2-e1549578894331.jpg\" alt=\"\" width=\"680\" height=\"481\" srcset=\"https:\/\/diarioregionaldigital.com.br\/wp-content\/uploads\/2019\/02\/fotoh-2-e1549578894331.jpg 1176w, https:\/\/diarioregionaldigital.com.br\/wp-content\/uploads\/2019\/02\/fotoh-2-e1549578894331-300x212.jpg 300w, https:\/\/diarioregionaldigital.com.br\/wp-content\/uploads\/2019\/02\/fotoh-2-e1549578894331-768x543.jpg 768w, https:\/\/diarioregionaldigital.com.br\/wp-content\/uploads\/2019\/02\/fotoh-2-e1549578894331-1024x724.jpg 1024w, https:\/\/diarioregionaldigital.com.br\/wp-content\/uploads\/2019\/02\/fotoh-2-e1549578894331-750x530.jpg 750w, https:\/\/diarioregionaldigital.com.br\/wp-content\/uploads\/2019\/02\/fotoh-2-e1549578894331-360x255.jpg 360w, https:\/\/diarioregionaldigital.com.br\/wp-content\/uploads\/2019\/02\/fotoh-2-e1549578894331-100x70.jpg 100w\" sizes=\"auto, (max-width: 680px) 100vw, 680px\" \/><p id=\"caption-attachment-133396\" class=\"wp-caption-text\">O cantor Marcus Lima no ver\u00e3o da Regi\u00e3o dos Lagos<\/p><\/div>\n<div id=\"attachment_133398\" style=\"width: 690px\" class=\"wp-caption aligncenter\"><img loading=\"lazy\" decoding=\"async\" aria-describedby=\"caption-attachment-133398\" class=\"wp-image-133398\" src=\"https:\/\/diarioregionaldigital.com.br\/wp-content\/uploads\/2019\/02\/fotoj-1-e1549578956273.jpg\" alt=\"\" width=\"680\" height=\"509\" srcset=\"https:\/\/diarioregionaldigital.com.br\/wp-content\/uploads\/2019\/02\/fotoj-1-e1549578956273.jpg 1167w, https:\/\/diarioregionaldigital.com.br\/wp-content\/uploads\/2019\/02\/fotoj-1-e1549578956273-300x225.jpg 300w, https:\/\/diarioregionaldigital.com.br\/wp-content\/uploads\/2019\/02\/fotoj-1-e1549578956273-768x575.jpg 768w, https:\/\/diarioregionaldigital.com.br\/wp-content\/uploads\/2019\/02\/fotoj-1-e1549578956273-1024x767.jpg 1024w, https:\/\/diarioregionaldigital.com.br\/wp-content\/uploads\/2019\/02\/fotoj-1-e1549578956273-360x270.jpg 360w\" sizes=\"auto, (max-width: 680px) 100vw, 680px\" \/><p id=\"caption-attachment-133398\" class=\"wp-caption-text\">O ator Marcos Ot\u00e1vio em dia de batizado com linda estrelinha<\/p><\/div>\n<div id=\"attachment_133397\" style=\"width: 690px\" class=\"wp-caption aligncenter\"><img loading=\"lazy\" decoding=\"async\" aria-describedby=\"caption-attachment-133397\" class=\"wp-image-133397\" src=\"https:\/\/diarioregionaldigital.com.br\/wp-content\/uploads\/2019\/02\/fotoi-1-e1549578918111.jpg\" alt=\"\" width=\"680\" height=\"463\" srcset=\"https:\/\/diarioregionaldigital.com.br\/wp-content\/uploads\/2019\/02\/fotoi-1-e1549578918111.jpg 1564w, https:\/\/diarioregionaldigital.com.br\/wp-content\/uploads\/2019\/02\/fotoi-1-e1549578918111-300x204.jpg 300w, https:\/\/diarioregionaldigital.com.br\/wp-content\/uploads\/2019\/02\/fotoi-1-e1549578918111-768x523.jpg 768w, https:\/\/diarioregionaldigital.com.br\/wp-content\/uploads\/2019\/02\/fotoi-1-e1549578918111-1024x697.jpg 1024w, https:\/\/diarioregionaldigital.com.br\/wp-content\/uploads\/2019\/02\/fotoi-1-e1549578918111-360x245.jpg 360w\" sizes=\"auto, (max-width: 680px) 100vw, 680px\" \/><p id=\"caption-attachment-133397\" class=\"wp-caption-text\">Gente elegante na tarde do Glass Parque, Marc\u00edlio Gomes, Patr\u00edcia Mansur, Sandra Cordeiro e L\u00facia Manoel<\/p><\/div>\n<p style=\"text-align: center;\"><strong>FOTOSS\u00cdNTESE<\/strong><\/p>\n<p>Um ax\u00e9 superespecial para o amigo querido Wildemar Aquino (Cebola).<\/p>\n<p>Ser\u00e1 na Livraria Paulus a palestra sobre logoterapia de Viktor Frankl na preven\u00e7\u00e3o ao suic\u00eddio. O assunto ser\u00edssimo ser\u00e1 proferido pela psic\u00f3loga L\u00edllian Queiroz, neste s\u00e1bado.<\/p>\n<p>O F\u00f3rum do Campo Lacaniano promove no s\u00e1bado, 9, a confer\u00eancia \u201cA pol\u00edtica do corpo\u201d com Maria Anita Carneiro e Vera Pollo.<\/p>\n<p>Aniversariando hoje, 8, o din\u00e2mico empres\u00e1rio Kadu Oliveira do Bar da Pra\u00e7a (Dubai) no bairro de Lourdes. Parab\u00e9ns.<\/p>\n<p>Respons\u00e1vel pela Unidade de AVC do Hospital Monte Sinai, o neurologista Bruno Barbosa vai falar sobre o atendimento ao paciente com apoio de um aplicativo, durante o 1\u00ba Congresso de Urg\u00eancia Cl\u00ednica da Zona da Mata, que ser\u00e1 realizado nos dias 18 e 19. O evento tem apoio do Hospital Monte Sinai.<\/p>\n<p>Dono de uma cultura e finesse rara, Roberto Dilly foi reconduzindo \u00e0 dire\u00e7\u00e3o do Museu de Cr\u00e9dito Real.<\/p>\n<p>Formado pela UFJF, o defensor p\u00fablico geral Gilmar Alves Batista tomou posse em Vit\u00f3ria (ES).<\/p>\n<p>Com espa\u00e7o para pe\u00e7as de materiais reciclados, esculturas, telas e pinturas foi aberta a exposi\u00e7\u00e3o \u201cArte em Movimento\u201d, na P.S Galeria, em Belo Horizonte. De Juiz de Fora, circulou por l\u00e1 o artista pl\u00e1stico Adauto Venturi.<\/p>\n<p>Com cota\u00e7\u00e3o alt\u00edssima o advogado e professor Ant\u00f4nio Gaio J\u00fanior foi eleito por unanimidade secret\u00e1rio Adjunto do Instituto Brasileiro de Direito Processual.<\/p>\n<p>Brilhando no cen\u00e1rio musical da cidade, as maravilhosas integrantes do grupo Guerreiras de Clara.<\/p>\n<p>Com sua por\u00e7\u00e3o morena total, Dani Verpel est\u00e1 de f\u00e9rias curtindo as praias do Nordeste.<\/p>\n<p>O Restaurante da UFJF est\u00e1 expondo at\u00e9 mar\u00e7o o tema Murilo Mendes: O Tomate. A coletiva re\u00fane trabalhos de 12 artistas inspirados no texto \u201cO Tomate\u201d, de Murilo Mendes.<\/p>\n<p>Para o dia 9 de fevereiro, \u00e0s 14h, o Experimental Bar vai promover o evento A Feira. No ar, exposi\u00e7\u00e3o de vestu\u00e1rio, artesanato, papelaria, acess\u00f3rios, cerveja artesanal, moda, decora\u00e7\u00e3o, gastronomia e shows com Bigdog Daddy e o Velho Blues.<\/p>\n<p>Com muitos aplausos, o N\u00facleo de Forma\u00e7\u00e3o de Atores da Sala de Giz encerrou temporada da pe\u00e7a \u201cPeles para Vestir Pequenos Deuses\u201d, no templo teatral Sala de Giz, no Mariano Proc\u00f3pio, n\u00ba 65. O p\u00fablico pede bis.<\/p>\n<p>O projeto Escola de Escritores est\u00e1 com vagas abertas para alunos da rede p\u00fablica. Na coordena\u00e7\u00e3o a premiada Margareth Marinho.<\/p>\n<p>Para concluir: Saia da toca. Estabele\u00e7a v\u00ednculos sadios e tenha um \u00f3timo final de semana. Bom dia.<\/p>\n<p><img loading=\"lazy\" decoding=\"async\" class=\"aligncenter size-full wp-image-133259\" src=\"https:\/\/diarioregionaldigital.com.br\/wp-content\/uploads\/2019\/02\/Fashion_6x15.jpg\" alt=\"\" width=\"3484\" height=\"1772\" srcset=\"https:\/\/diarioregionaldigital.com.br\/wp-content\/uploads\/2019\/02\/Fashion_6x15.jpg 3484w, https:\/\/diarioregionaldigital.com.br\/wp-content\/uploads\/2019\/02\/Fashion_6x15-300x153.jpg 300w, https:\/\/diarioregionaldigital.com.br\/wp-content\/uploads\/2019\/02\/Fashion_6x15-768x391.jpg 768w, https:\/\/diarioregionaldigital.com.br\/wp-content\/uploads\/2019\/02\/Fashion_6x15-1024x521.jpg 1024w, https:\/\/diarioregionaldigital.com.br\/wp-content\/uploads\/2019\/02\/Fashion_6x15-360x183.jpg 360w\" sizes=\"auto, (max-width: 3484px) 100vw, 3484px\" \/><\/p>\n","protected":false},"excerpt":{"rendered":"<p>Meng\u00e3o Muito querido em Juiz de Fora, o \u00eddolo do Flamengo, Nunes, vai aterrissar em Juiz de Fora dia 16. Ele estar\u00e1 entre os convidados para a comemora\u00e7\u00e3o do anivers\u00e1rio de Jos\u00e9 L\u00facio Fernandes, no Clube do Papo. Na oportunidade, Jos\u00e9 L\u00facio vai festejar e entregar a faixa de campe\u00e3o ao time do CNI, no [&hellip;]<\/p>\n","protected":false},"author":96,"featured_media":133386,"comment_status":"closed","ping_status":"closed","sticky":false,"template":"","format":"standard","meta":{"footnotes":""},"categories":[264],"tags":[],"class_list":["post-133401","post","type-post","status-publish","format-standard","has-post-thumbnail","hentry","category-eduardo-gomes"],"_links":{"self":[{"href":"https:\/\/diarioregionaldigital.com.br\/index.php?rest_route=\/wp\/v2\/posts\/133401","targetHints":{"allow":["GET"]}}],"collection":[{"href":"https:\/\/diarioregionaldigital.com.br\/index.php?rest_route=\/wp\/v2\/posts"}],"about":[{"href":"https:\/\/diarioregionaldigital.com.br\/index.php?rest_route=\/wp\/v2\/types\/post"}],"author":[{"embeddable":true,"href":"https:\/\/diarioregionaldigital.com.br\/index.php?rest_route=\/wp\/v2\/users\/96"}],"replies":[{"embeddable":true,"href":"https:\/\/diarioregionaldigital.com.br\/index.php?rest_route=%2Fwp%2Fv2%2Fcomments&post=133401"}],"version-history":[{"count":0,"href":"https:\/\/diarioregionaldigital.com.br\/index.php?rest_route=\/wp\/v2\/posts\/133401\/revisions"}],"wp:featuredmedia":[{"embeddable":true,"href":"https:\/\/diarioregionaldigital.com.br\/index.php?rest_route=\/wp\/v2\/media\/133386"}],"wp:attachment":[{"href":"https:\/\/diarioregionaldigital.com.br\/index.php?rest_route=%2Fwp%2Fv2%2Fmedia&parent=133401"}],"wp:term":[{"taxonomy":"category","embeddable":true,"href":"https:\/\/diarioregionaldigital.com.br\/index.php?rest_route=%2Fwp%2Fv2%2Fcategories&post=133401"},{"taxonomy":"post_tag","embeddable":true,"href":"https:\/\/diarioregionaldigital.com.br\/index.php?rest_route=%2Fwp%2Fv2%2Ftags&post=133401"}],"curies":[{"name":"wp","href":"https:\/\/api.w.org\/{rel}","templated":true}]}}