{"id":133382,"date":"2019-02-07T10:00:28","date_gmt":"2019-02-07T12:00:28","guid":{"rendered":"https:\/\/diarioregionaldigital.com.br\/?p=133382"},"modified":"2019-02-07T17:22:33","modified_gmt":"2019-02-07T19:22:33","slug":"preco-da-cesta-basica-regional-registra-queda-de-403","status":"publish","type":"post","link":"https:\/\/diarioregionaldigital.com.br\/?p=133382","title":{"rendered":"Pre\u00e7o da cesta b\u00e1sica regional registra queda de 4,03%"},"content":{"rendered":"<p>O pre\u00e7o da cesta b\u00e1sica regional registrou queda na pesquisa semanal de pre\u00e7os realizada pela Secretaria de Agropecu\u00e1ria e Abastecimento (SAA) da Prefeitura de Juiz de Fora (PJF), divulgada nesta quinta-feira, 7.<\/p>\n<p>A pesquisa revelou queda de R$13,55 no pre\u00e7o da cesta b\u00e1sica regional, que est\u00e1 custando R$322,94, marcando o a redu\u00e7\u00e3o percentual de 4,03%. O valor atual representa 35,17% do valor do sal\u00e1rio m\u00ednimo ou o equivalente \u00e0 quantia obtida em 11 dias de trabalho.<\/p>\n<p>Os alimentos que apontaram maiores quedas foram frango resfriado (-19,73%), macarr\u00e3o espaguete (-19,69%) e pernil su\u00edno sem osso (-18,81%). J\u00e1 os maiores aumentos foram registrados na batata-inglesa (54,74%), feij\u00e3o-preto (41,37%) e fub\u00e1 (16,7%).<\/p>\n<p>De acordo com o ca\u00e7ulo realizado pelo Departamento Intersindical de Estat\u00edsticas e Estudos Socioecon\u00f4micos (Dieese) e da SAA, considerando uma fam\u00edlia com quatro pessoas, sendo duas adultas e duas crian\u00e7as, o gasto ser\u00e1 de R$968,83, levando em conta suas propor\u00e7\u00f5es.<\/p>\n<p>J\u00e1 a cesta b\u00e1sica nacional teve um aumento de 0,28% que est\u00e1 custando agora R$ 335,19. Em rela\u00e7\u00e3o \u00e0 pesquisa anterior est\u00e1 R$ 0,93 mais cara. O valor representa 36,51% do sal\u00e1rio m\u00ednimo l\u00edquido, equivalente a 11 dias de trabalho.<\/p>\n<p>Os produtos com maiores aumentos de pre\u00e7o foram batata-inglesa (54,74%), feij\u00e3o-preto (41,37%) e farinha de trigo especial (4,43%). J\u00e1 os que registraram maiores quedas s\u00e3o p\u00e3o de sal franc\u00eas (-16,27%), manteiga comum (-13,40%) e \u00f3leo de soja (-7,65%).<\/p>\n<p>Tendo como base uma fam\u00edlia de quatro pessoas o gasto atual com a cesta \u00e9 de R$ 1.005,57.<\/p>\n","protected":false},"excerpt":{"rendered":"<p>O pre\u00e7o da cesta b\u00e1sica regional registrou queda na pesquisa semanal de pre\u00e7os realizada pela Secretaria de Agropecu\u00e1ria e Abastecimento (SAA) da Prefeitura de Juiz de Fora (PJF), divulgada nesta quinta-feira, 7. A pesquisa revelou queda de R$13,55 no pre\u00e7o da cesta b\u00e1sica regional, que est\u00e1 custando R$322,94, marcando o a redu\u00e7\u00e3o percentual de 4,03%. [&hellip;]<\/p>\n","protected":false},"author":96,"featured_media":133383,"comment_status":"closed","ping_status":"closed","sticky":false,"template":"","format":"standard","meta":{"footnotes":""},"categories":[253,436,440,439],"tags":[],"class_list":["post-133382","post","type-post","status-publish","format-standard","has-post-thumbnail","hentry","category-cidade","category-destaque-da-semana","category-destaques-do-dia","category-ultima-hora"],"_links":{"self":[{"href":"https:\/\/diarioregionaldigital.com.br\/index.php?rest_route=\/wp\/v2\/posts\/133382","targetHints":{"allow":["GET"]}}],"collection":[{"href":"https:\/\/diarioregionaldigital.com.br\/index.php?rest_route=\/wp\/v2\/posts"}],"about":[{"href":"https:\/\/diarioregionaldigital.com.br\/index.php?rest_route=\/wp\/v2\/types\/post"}],"author":[{"embeddable":true,"href":"https:\/\/diarioregionaldigital.com.br\/index.php?rest_route=\/wp\/v2\/users\/96"}],"replies":[{"embeddable":true,"href":"https:\/\/diarioregionaldigital.com.br\/index.php?rest_route=%2Fwp%2Fv2%2Fcomments&post=133382"}],"version-history":[{"count":0,"href":"https:\/\/diarioregionaldigital.com.br\/index.php?rest_route=\/wp\/v2\/posts\/133382\/revisions"}],"wp:featuredmedia":[{"embeddable":true,"href":"https:\/\/diarioregionaldigital.com.br\/index.php?rest_route=\/wp\/v2\/media\/133383"}],"wp:attachment":[{"href":"https:\/\/diarioregionaldigital.com.br\/index.php?rest_route=%2Fwp%2Fv2%2Fmedia&parent=133382"}],"wp:term":[{"taxonomy":"category","embeddable":true,"href":"https:\/\/diarioregionaldigital.com.br\/index.php?rest_route=%2Fwp%2Fv2%2Fcategories&post=133382"},{"taxonomy":"post_tag","embeddable":true,"href":"https:\/\/diarioregionaldigital.com.br\/index.php?rest_route=%2Fwp%2Fv2%2Ftags&post=133382"}],"curies":[{"name":"wp","href":"https:\/\/api.w.org\/{rel}","templated":true}]}}